{"id":866,"date":"2013-08-13T21:00:54","date_gmt":"2013-08-13T19:00:54","guid":{"rendered":"http:\/\/www.brandenburger-freidenker.de\/cms\/?p=866"},"modified":"2019-03-29T07:57:33","modified_gmt":"2019-03-29T06:57:33","slug":"12-millionen-euro-steuerverschwendung-fur-die-garnisonkirche","status":"publish","type":"post","link":"https:\/\/www.brandenburger-freidenker.de\/cms\/?p=866","title":{"rendered":"12 Millionen Euro Steuerverschwendung f\u00fcr die Garnisonkirche!"},"content":{"rendered":"<p style=\"text-align: center;\"><a href=\"https:\/\/ohnegarnisonkirche.wordpress.com\/\" target=\"_blank\" rel=\"noopener noreferrer\"><img loading=\"lazy\" decoding=\"async\" class=\"wp-image-869 aligncenter\" alt=\"Logo der BI f\u00fcr ein Potsdam ohne Garnisonkirche\" src=\"https:\/\/www.brandenburger-freidenker.de\/cms\/wp-content\/uploads\/2013\/08\/silhouette_header_960_260_gk-rot.jpg\" width=\"470\" height=\"127\" srcset=\"https:\/\/www.brandenburger-freidenker.de\/cms\/wp-content\/uploads\/2013\/08\/silhouette_header_960_260_gk-rot.jpg 960w, https:\/\/www.brandenburger-freidenker.de\/cms\/wp-content\/uploads\/2013\/08\/silhouette_header_960_260_gk-rot-300x81.jpg 300w, https:\/\/www.brandenburger-freidenker.de\/cms\/wp-content\/uploads\/2013\/08\/silhouette_header_960_260_gk-rot-768x208.jpg 768w, https:\/\/www.brandenburger-freidenker.de\/cms\/wp-content\/uploads\/2013\/08\/silhouette_header_960_260_gk-rot-150x41.jpg 150w\" sizes=\"auto, (max-width: 470px) 100vw, 470px\" \/><\/a><\/p>\n<p><strong>Erste Stellungnahme B\u00fcrgerinitiative f\u00fcr ein Potsdam ohne Garnisonkirche<\/strong><\/p>\n<p>Die <a href=\"https:\/\/ohnegarnisonkirche.wordpress.com\/\" target=\"_blank\" rel=\"noopener noreferrer\"><strong>B\u00fcrgerinitiative f\u00fcr ein Potsdam ohne Garnisonkirche<\/strong><\/a> bedauert, dass sich der Kulturstaatsminister Bernd Neumann entschlossen hat, den Start des Aufbaus einer Kopie der Garnisonkirche mit 12,4 Millionen Euro zu erm\u00f6glichen.<\/p>\n<p>Seit vielen Jahren lehnen das Land Brandenburg, die Landeshauptstadt Potsdam, aber auch die zust\u00e4ndige Evangelische Landeskirche es ab, sich an dem Bauprojekt finanziell zu beteiligen. Nun ab, sich an dem Bauprojekt finanziell zu beteiligen. Nun aber dr\u00fcckt das CDU gef\u00fchrte Kulturstaatsministerium mitten im Bundestagswahlkampf unserer Stadt ein Bauwerk auf, welches von vielen Potsdamerinnen nicht gewollt wird.<\/p>\n<p>Wir empfinden die nicht sachgerechte Verwendung von Steuergeldern, die f\u00fcr Kultur und Denkmalschutz vorgesehen sind, als sehr bedenklich. Der Bund kann nicht von der Landeshauptstadt Potsdam &#8211; \u00fcber die Stiftung Preu\u00dfische Schl\u00f6sser und G\u00e4rten &#8211; Millionenabgaben f\u00fcr den Erhalt ihrer Denkm\u00e4ler fordern, dabei aber seine eigenen Mittel zweckentfremdet in unserer Stadt verwenden.<\/p>\n<hr \/>\n<p><strong>Wir Brandenburger Freidenkerinnen und Freidenker<\/strong> lehnen schon seit langer Zeit generell den Wiederaufbau der Garnisonkirche Potsdam ab. In Zusammenarbeit mit der Friedenskoordination Potsdam und der BI f\u00fcr ein Potsdam ohne Garnisonkirche haben wir uns bereits an vielen Aktionen gegen die Wiedererrichtung beteiligt. Auf unserer Webseite <strong><a href=\"http:\/\/www.garnisonkirche-potsdam.info\" target=\"_blank\" rel=\"noopener noreferrer\">http:\/\/www.garnisonkirche-potsdam.info<\/a><\/strong> rufen wir die Veranstwortlichen dazu auf, sofort den Wiederaufbau zu stoppen und stattdessen eine Mahn- und Gedenkst\u00e4tte f\u00fcr die Opfer des preu\u00dfischen Militarismus und des deutschen Faschismus zu errichten.<\/p>\n<h2 style=\"text-align: center;\">Nie wieder Militarismus!<\/h2>\n<h2 style=\"text-align: center;\">Nie wieder Faschismus!<\/h2>\n<h2 style=\"text-align: center;\">Nie wieder Krieg!<\/h2>\n","protected":false},"excerpt":{"rendered":"<p>Erste Stellungnahme B\u00fcrgerinitiative f\u00fcr ein Potsdam ohne Garnisonkirche Die B\u00fcrgerinitiative f\u00fcr ein Potsdam ohne Garnisonkirche bedauert, dass sich der Kulturstaatsminister Bernd Neumann entschlossen hat, den Start des Aufbaus einer Kopie der Garnisonkirche mit 12,4 Millionen Euro zu erm\u00f6glichen. Seit vielen &hellip; <a href=\"https:\/\/www.brandenburger-freidenker.de\/cms\/?p=866\">Weiterlesen <span class=\"meta-nav\">&rarr;<\/span><\/a><\/p>\n","protected":false},"author":5,"featured_media":0,"comment_status":"closed","ping_status":"closed","sticky":false,"template":"","format":"standard","meta":{"footnotes":""},"categories":[385,30,57,20,13,14],"tags":[293,306],"class_list":["post-866","post","type-post","status-publish","format-standard","hentry","category-dfv-brandenburg","category-friedensaktion","category-friedensbewegung","category-garnisonkirche-potsdam","category-news","category-potsdam","tag-friedensaktion","tag-friedensbewegung"],"_links":{"self":[{"href":"https:\/\/www.brandenburger-freidenker.de\/cms\/index.php?rest_route=\/wp\/v2\/posts\/866","targetHints":{"allow":["GET"]}}],"collection":[{"href":"https:\/\/www.brandenburger-freidenker.de\/cms\/index.php?rest_route=\/wp\/v2\/posts"}],"about":[{"href":"https:\/\/www.brandenburger-freidenker.de\/cms\/index.php?rest_route=\/wp\/v2\/types\/post"}],"author":[{"embeddable":true,"href":"https:\/\/www.brandenburger-freidenker.de\/cms\/index.php?rest_route=\/wp\/v2\/users\/5"}],"replies":[{"embeddable":true,"href":"https:\/\/www.brandenburger-freidenker.de\/cms\/index.php?rest_route=%2Fwp%2Fv2%2Fcomments&post=866"}],"version-history":[{"count":1,"href":"https:\/\/www.brandenburger-freidenker.de\/cms\/index.php?rest_route=\/wp\/v2\/posts\/866\/revisions"}],"predecessor-version":[{"id":2293,"href":"https:\/\/www.brandenburger-freidenker.de\/cms\/index.php?rest_route=\/wp\/v2\/posts\/866\/revisions\/2293"}],"wp:attachment":[{"href":"https:\/\/www.brandenburger-freidenker.de\/cms\/index.php?rest_route=%2Fwp%2Fv2%2Fmedia&parent=866"}],"wp:term":[{"taxonomy":"category","embeddable":true,"href":"https:\/\/www.brandenburger-freidenker.de\/cms\/index.php?rest_route=%2Fwp%2Fv2%2Fcategories&post=866"},{"taxonomy":"post_tag","embeddable":true,"href":"https:\/\/www.brandenburger-freidenker.de\/cms\/index.php?rest_route=%2Fwp%2Fv2%2Ftags&post=866"}],"curies":[{"name":"wp","href":"https:\/\/api.w.org\/{rel}","templated":true}]}}