{"id":836,"date":"2013-06-30T14:04:42","date_gmt":"2013-06-30T12:04:42","guid":{"rendered":"http:\/\/www.brandenburger-freidenker.de\/cms\/?p=836"},"modified":"2013-06-30T14:13:46","modified_gmt":"2013-06-30T12:13:46","slug":"verfassungsauftrag-staatsleistungen-an-kirchen-sind-einzustellen","status":"publish","type":"post","link":"https:\/\/www.brandenburger-freidenker.de\/cms\/?p=836","title":{"rendered":"Verfassungsauftrag: Staatsleistungen an Kirchen sind einzustellen"},"content":{"rendered":"<p>BERLIN. (hpd\/hu) Die Humanistische Union (HU) fordert den Bundestag anl\u00e4sslich eines Gesetzesentwurfs der Fraktion Die Linke auf, die Staatsleistungen an die Kirchen endlich einzustellen. Am heutigen Donnerstag findet im Bundestag die zweite Lesung statt; gem\u00e4\u00df der Beschlussempfehlung des Innenausschusses rechnet die B\u00fcrgerrechtsorganisation mit einer Ablehnung im Plenum.<strong><br \/>\n<\/strong><\/p>\n<p><a title=\"Hyperlink zu einem Beitrag auf hpd.de\" href=\"http:\/\/hpd.de\/node\/16259\" target=\"_blank\">Weiter lesen auf hpd.de <\/a>&#8230;<\/p>\n<p><strong>Weitere Informationen zu diesem Thema gibt es auch auf taz.de<\/strong><\/p>\n<p>Kirchenrecht bleibt leider so, wie es schon immer war<br \/>\n<strong>Sicher wie das Amen<\/strong><\/p>\n<p>ein Kommentar von <strong>Pascal Beucker<\/strong><br \/>\nGerade 40 Sekunden ben\u00f6tigte der Bundestag, um den l\u00e4stigen Tagesordnungspunkt abzuhandeln. Im Schnellverfahren votierten am fr\u00fchen Freitagmorgen die wenigen noch im Plenum anwesenden Abgeordneten um 0.26 Uhr ohne Aussprache, aber mit gro\u00dfer Mehrheit daf\u00fcr, weiterhin das Grundgesetz zu ignorieren. Wenn es um das gute Verh\u00e4ltnis zu den beiden Gro\u00dfkirchen geht, kommt es f\u00fcr die Fraktionen von CDU, CSU, FDP, SPD und Gr\u00fcnen nicht so drauf an. Gemeinsam stimmte die ganz gro\u00dfe Koalition gegen einen Gesetzentwurf der Linkspartei, der den Einstieg in den Ausstieg aus den historisch begr\u00fcndeten Staatsleistungen an die Kirchen bedeutet h\u00e4tte.<\/p>\n<p><a title=\"Hyperlink zu einem Beitrag auf taz.de\" href=\"https:\/\/www.taz.de\/Kommentar-Beschluss-zum-Kirchenrecht\/!118963\/\" target=\"_blank\">Weiterlesen auf taz.de<\/a> &#8230;<\/p>\n","protected":false},"excerpt":{"rendered":"<p>BERLIN. (hpd\/hu) Die Humanistische Union (HU) fordert den Bundestag anl\u00e4sslich eines Gesetzesentwurfs der Fraktion Die Linke auf, die Staatsleistungen an die Kirchen endlich einzustellen. Am heutigen Donnerstag findet im Bundestag die zweite Lesung statt; gem\u00e4\u00df der Beschlussempfehlung des Innenausschusses rechnet &hellip; <a href=\"https:\/\/www.brandenburger-freidenker.de\/cms\/?p=836\">Weiterlesen <span class=\"meta-nav\">&rarr;<\/span><\/a><\/p>\n","protected":false},"author":5,"featured_media":0,"comment_status":"closed","ping_status":"closed","sticky":false,"template":"","format":"standard","meta":{"footnotes":""},"categories":[13,35],"tags":[],"class_list":["post-836","post","type-post","status-publish","format-standard","hentry","category-news","category-staatsleistungen"],"_links":{"self":[{"href":"https:\/\/www.brandenburger-freidenker.de\/cms\/index.php?rest_route=\/wp\/v2\/posts\/836","targetHints":{"allow":["GET"]}}],"collection":[{"href":"https:\/\/www.brandenburger-freidenker.de\/cms\/index.php?rest_route=\/wp\/v2\/posts"}],"about":[{"href":"https:\/\/www.brandenburger-freidenker.de\/cms\/index.php?rest_route=\/wp\/v2\/types\/post"}],"author":[{"embeddable":true,"href":"https:\/\/www.brandenburger-freidenker.de\/cms\/index.php?rest_route=\/wp\/v2\/users\/5"}],"replies":[{"embeddable":true,"href":"https:\/\/www.brandenburger-freidenker.de\/cms\/index.php?rest_route=%2Fwp%2Fv2%2Fcomments&post=836"}],"version-history":[{"count":0,"href":"https:\/\/www.brandenburger-freidenker.de\/cms\/index.php?rest_route=\/wp\/v2\/posts\/836\/revisions"}],"wp:attachment":[{"href":"https:\/\/www.brandenburger-freidenker.de\/cms\/index.php?rest_route=%2Fwp%2Fv2%2Fmedia&parent=836"}],"wp:term":[{"taxonomy":"category","embeddable":true,"href":"https:\/\/www.brandenburger-freidenker.de\/cms\/index.php?rest_route=%2Fwp%2Fv2%2Fcategories&post=836"},{"taxonomy":"post_tag","embeddable":true,"href":"https:\/\/www.brandenburger-freidenker.de\/cms\/index.php?rest_route=%2Fwp%2Fv2%2Ftags&post=836"}],"curies":[{"name":"wp","href":"https:\/\/api.w.org\/{rel}","templated":true}]}}