{"id":328,"date":"2011-08-24T21:00:54","date_gmt":"2011-08-24T19:00:54","guid":{"rendered":"http:\/\/www.brandenburger-freidenker.de\/cms\/?p=328"},"modified":"2019-03-29T07:58:47","modified_gmt":"2019-03-29T06:58:47","slug":"einladung-zur-potsdamer-runde-im-september-buchlesung","status":"publish","type":"post","link":"https:\/\/www.brandenburger-freidenker.de\/cms\/?p=328","title":{"rendered":"Einladung zur Potsdamer Runde im September &#8211; Buchlesung"},"content":{"rendered":"<p><strong>Einladung<\/strong><\/p>\n<h1>Potsdamer Runde des Brandenburgischen Freidenker-Verbandes<\/h1>\n<p><strong>Donnerstag, 1. September 2010, 20:00 Uhr<\/strong><\/p>\n<p><u>Achtung!<\/u><br \/>\nDie Potsdamer Runde findet diesmal statt in der<\/p>\n<p><strong>Gastst\u00e4tte am Schillerplatz<\/strong><br \/>\nZeppelinstr. 147, 14471 Potsdam<br \/>\n(links neben dem Bahnhof Charlottenhof) <\/p>\n<p><strong>Beginn:<\/strong> ab <strong>19:00 Uhr<\/strong> Smalltalk, Essen, ab <strong>ca. 20 Uhr<\/strong> Vortrag und Diskussion<\/p>\n<h2>Wie der Staat die Kirchen finanziert<\/h2>\n<p>Vortrag und Diskussion mit <strong>Dr. Carsten Frerk<\/strong><\/p>\n<p>Obwohl die beiden gro\u00dfen christlichen Kirchen heute weniger als zwei Drittel der Bev\u00f6lkerung organisieren, werden viele ihrer Belange durch die \u00f6ffentliche Hand finanziert. Und das betrifft keineswegs nur Krankenh\u00e4user oder Sozialstationen, die von der Allgemeinheit in Anspruch genommen werden k\u00f6nnen. Ob Bischofsgeh\u00e4lter, die Ausbildung kirchlichen Personals oder Missionswerke &#8211; konfessionslose und andersgl\u00e4ubige B\u00fcrgerinnen und B\u00fcrger zahlen kr\u00e4ftig mit.<br \/>\nCarsten Frerk gibt einen systematischen \u00dcberblick, zu welchen Gelegenheiten der Staat von den Kirchen zur Kasse gebeten wird. Er problematisiert versteckte Subventionen wie die steuerliche Absetzbarkeit der Kirchensteuer, erl\u00e4utert die rechtliche und historische Fragw\u00fcrdigkeit der sogenannten Staatsleistungen und stellt die Frage, warum die Allgemeinheit soziale Einrichtungen in kirchlicher Tr\u00e4gerschaft bezuschusst, obwohl dort die Arbeitnehmerrechte weitgehend au\u00dfer Kraft gesetzt sind.<\/p>\n<p>Dabei geht es nicht um Kleinigkeiten: Die Zuwendungen der \u00f6ffentlichen Hand an die Kirchen \u00fcbersteigen deren Einnahmen aus der Kirchensteuer beiweitem. Und da die Kirchen steuerbefreit sind, tragen sie nichts zur Finanzierung der gesellschaftlichen Infrastruktur bei, von der sie profitieren.<\/p>\n<p>Carsten Frerk ist Autor zahlreicher B\u00fccher zum Thema u.a.<\/p>\n<ul>\n<li>Finanzen und Verm\u00f6gen der Kirchen in Deutschland (2002)<\/li>\n<li>Caritas und Diakonie in Deutschland (2005)<\/li>\n<li>Violettbuch Kirchenfinanzen: Wie der Staat die Kirchen finanziert (2010)<\/li>\n<\/ul>\n<p>Aus dem Inhalt des Violettbuches Kirchenfinanzen &#8211; gleichzeitig Themenschwerpunkte des Vortrages<br \/>\nKirchensteuer als Sonderausgabe * Kirchensteuer als Annexsteuer * Staatlicher Einzug der Kirchensteuern * Besonderes Kirchgeld * Abgeltungssteuer * Pauschalsteuer und Pauschsteuer * Staatsleistungen * Kirchenbaulasten * Staatlicher Verzicht auf Einnahmen * Ausbildung des kirchlichen Nachwuchses * Kindertageseinrichtungen * Religionsunterricht * Schulen in kirchlicher Tr\u00e4gerschaft * Familie und Jugend * Erwachsenenbildung \/ Kulturelle Betreuung * Milit\u00e4rseelsorge * Auslandsarbeit der Kirchen * Denkmalpflege * Bauzusch\u00fcsse * Kommunale Zahlungen * Kirchentage <\/p>\n<p>Weitere Informationen gibt es auf folgenden Webseiten:<\/p>\n<ul>\n<li><a href=\"http:\/\/www.staatsleistungen.de\/\" target=\"_new\" rel=\"noopener noreferrer\">http:\/\/www.staatsleistungen.de\/<\/a><\/li>\n<li><a href=\"http:\/\/www.amazon.de\/Violettbuch-Kirchenfinanzen-Staat-Kirchen-finanziert\/dp\/3865690394\" target=\"_blank\" rel=\"noopener noreferrer\">http:\/\/www.amazon.de\/Violettbuch-Kirchenfinanzen-Staat-Kirchen-finanziert\/dp\/3865690394<\/a><\/li>\n<li><a href=\"http:\/\/www.alibri-buecher.de\/product_info.php\/info\/p348_Carsten-Frerk--Violettbuch-Kirchenfinanzen.html\" target=\"_blank\" rel=\"noopener noreferrer\">http:\/\/www.alibri-buecher.de\/product_info.php\/info\/p348_Carsten-Frerk&#8211;Violettbuch-Kirchenfinanzen.html<\/a><\/li>\n<li><a href=\"http:\/\/hpd.de\/node\/11447\" target=\"_blank\" rel=\"noopener noreferrer\">http:\/\/hpd.de\/node\/11447<\/a><\/li>\n<li><a href=\"http:\/\/hpd.de\/node\/10638\" target=\"_blank\" rel=\"noopener noreferrer\">http:\/\/hpd.de\/node\/10638<\/a><\/li>\n<li><a href=\"http:\/\/hpd.de\/node\/11595\" target=\"_blank\" rel=\"noopener noreferrer\">http:\/\/hpd.de\/node\/11595<\/a><\/li>\n<li><a href=\"http:\/\/hpd.de\/node\/10640\" target=\"_blank\" rel=\"noopener noreferrer\">http:\/\/hpd.de\/node\/10640<\/a><\/li>\n<li><a href=\"http:\/\/www.carstenfrerk.de\/\" target=\"_blank\" rel=\"noopener noreferrer\">http:\/\/www.carstenfrerk.de\/<\/a><\/li>\n<\/ul>\n<p>sowie ein Video<\/p>\n<ul>\n<li><a href=\"http:\/\/www.zdf.de\/ZDFmediathek\/beitrag\/video\/1148022\/Carsten+Frerk+im+Interview#\/beitrag\/video\/1148022\/Carsten-Frerk-im-Interview\" target=\"_blank\" rel=\"noopener noreferrer\">http:\/\/www.zdf.de\/ZDFmediathek\/beitrag\/video\/1148022\/Carsten+Frerk+im+Interview#\/beitrag\/video\/1148022\/Carsten-Frerk-im-Interview<\/a><\/li>\n<\/ul>\n<p><strong>Alle Mitglieder und Sympathisanten sind herzlich eingeladen!<\/strong><\/p>\n<p>Wie immer treffen sich die Freundinnen und Freunde, die vor der Veranstaltung etwas essen wollen, ca. eine Stunde vorher (gg. 19:00 Uhr) zum Smalltalk und Essen.<\/p>\n","protected":false},"excerpt":{"rendered":"<p>Einladung Potsdamer Runde des Brandenburgischen Freidenker-Verbandes Donnerstag, 1. September 2010, 20:00 Uhr Achtung! Die Potsdamer Runde findet diesmal statt in der Gastst\u00e4tte am Schillerplatz Zeppelinstr. 147, 14471 Potsdam (links neben dem Bahnhof Charlottenhof) Beginn: ab 19:00 Uhr Smalltalk, Essen, ab &hellip; <a href=\"https:\/\/www.brandenburger-freidenker.de\/cms\/?p=328\">Weiterlesen <span class=\"meta-nav\">&rarr;<\/span><\/a><\/p>\n","protected":false},"author":5,"featured_media":0,"comment_status":"closed","ping_status":"closed","sticky":false,"template":"","format":"standard","meta":{"footnotes":""},"categories":[385,16,9,14,8],"tags":[],"class_list":["post-328","post","type-post","status-publish","format-standard","hentry","category-dfv-brandenburg","category-kirchensteuer","category-literatur","category-potsdam","category-termine"],"_links":{"self":[{"href":"https:\/\/www.brandenburger-freidenker.de\/cms\/index.php?rest_route=\/wp\/v2\/posts\/328","targetHints":{"allow":["GET"]}}],"collection":[{"href":"https:\/\/www.brandenburger-freidenker.de\/cms\/index.php?rest_route=\/wp\/v2\/posts"}],"about":[{"href":"https:\/\/www.brandenburger-freidenker.de\/cms\/index.php?rest_route=\/wp\/v2\/types\/post"}],"author":[{"embeddable":true,"href":"https:\/\/www.brandenburger-freidenker.de\/cms\/index.php?rest_route=\/wp\/v2\/users\/5"}],"replies":[{"embeddable":true,"href":"https:\/\/www.brandenburger-freidenker.de\/cms\/index.php?rest_route=%2Fwp%2Fv2%2Fcomments&post=328"}],"version-history":[{"count":1,"href":"https:\/\/www.brandenburger-freidenker.de\/cms\/index.php?rest_route=\/wp\/v2\/posts\/328\/revisions"}],"predecessor-version":[{"id":2335,"href":"https:\/\/www.brandenburger-freidenker.de\/cms\/index.php?rest_route=\/wp\/v2\/posts\/328\/revisions\/2335"}],"wp:attachment":[{"href":"https:\/\/www.brandenburger-freidenker.de\/cms\/index.php?rest_route=%2Fwp%2Fv2%2Fmedia&parent=328"}],"wp:term":[{"taxonomy":"category","embeddable":true,"href":"https:\/\/www.brandenburger-freidenker.de\/cms\/index.php?rest_route=%2Fwp%2Fv2%2Fcategories&post=328"},{"taxonomy":"post_tag","embeddable":true,"href":"https:\/\/www.brandenburger-freidenker.de\/cms\/index.php?rest_route=%2Fwp%2Fv2%2Ftags&post=328"}],"curies":[{"name":"wp","href":"https:\/\/api.w.org\/{rel}","templated":true}]}}