{"id":2612,"date":"2024-03-06T20:52:25","date_gmt":"2024-03-06T19:52:25","guid":{"rendered":"https:\/\/www.brandenburger-freidenker.de\/cms\/?p=2612"},"modified":"2024-03-21T21:02:32","modified_gmt":"2024-03-21T20:02:32","slug":"23-03-2024-aufruf-zum-23-potsdamer-ostermarsch","status":"publish","type":"post","link":"https:\/\/www.brandenburger-freidenker.de\/cms\/?p=2612","title":{"rendered":"23.03.2024 &#8211; Aufruf zum 23. Potsdamer Ostermarsch"},"content":{"rendered":"<p><a href=\"https:\/\/friedenskoordination-potsdam.org\/2024\/03\/06\/23-03-2024-aufruf-zum-23-potsdamer-ostermarsch\/\" target=\"_blank\" rel=\"noopener\"><img loading=\"lazy\" decoding=\"async\" class=\"alignnone wp-image-2614\" src=\"https:\/\/www.brandenburger-freidenker.de\/cms\/wp-content\/uploads\/2024\/03\/plakat-zum-23.-potsdamer-ostermarsch-1.webp\" alt=\"\" width=\"550\" height=\"778\" srcset=\"https:\/\/www.brandenburger-freidenker.de\/cms\/wp-content\/uploads\/2024\/03\/plakat-zum-23.-potsdamer-ostermarsch-1.webp 700w, https:\/\/www.brandenburger-freidenker.de\/cms\/wp-content\/uploads\/2024\/03\/plakat-zum-23.-potsdamer-ostermarsch-1-212x300.webp 212w, https:\/\/www.brandenburger-freidenker.de\/cms\/wp-content\/uploads\/2024\/03\/plakat-zum-23.-potsdamer-ostermarsch-1-106x150.webp 106w\" sizes=\"auto, (max-width: 550px) 100vw, 550px\" \/><\/a><\/p>\n<p><a href=\"https:\/\/frikopotsdam.files.wordpress.com\/2024\/03\/aufruf-flyer-zum-23.-potsdamer-ostermarsch-2.pdf\"><img loading=\"lazy\" decoding=\"async\" class=\"alignnone wp-image-2613\" src=\"https:\/\/www.brandenburger-freidenker.de\/cms\/wp-content\/uploads\/2024\/03\/aufruf-flyer-zum-23.-potsdamer-ostermarsch_s2.webp\" alt=\"\" width=\"550\" height=\"780\" srcset=\"https:\/\/www.brandenburger-freidenker.de\/cms\/wp-content\/uploads\/2024\/03\/aufruf-flyer-zum-23.-potsdamer-ostermarsch_s2.webp 700w, https:\/\/www.brandenburger-freidenker.de\/cms\/wp-content\/uploads\/2024\/03\/aufruf-flyer-zum-23.-potsdamer-ostermarsch_s2-211x300.webp 211w, https:\/\/www.brandenburger-freidenker.de\/cms\/wp-content\/uploads\/2024\/03\/aufruf-flyer-zum-23.-potsdamer-ostermarsch_s2-106x150.webp 106w\" sizes=\"auto, (max-width: 550px) 100vw, 550px\" \/><\/a><\/p>\n<p><strong>EINLADUNG \/ Aufruf zum 23. Potsdamer Ostermarsch<br \/>\n<\/strong><strong>Samstag, 23.03.2024, 15:00 \u2013 17:00 Uhr,<br \/>\n<\/strong><strong>Start und Ziel: Brandenburger Tor in Potsdam<\/strong><\/p>\n<p><strong>Friedensf\u00e4hig statt kriegst\u00fcchtig ~ Verhandeln statt T\u00f6ten! Abr\u00fcsten jetzt!<\/strong><\/p>\n<p>Hallo Sch\u00fcler, Auszubildende, Studenten, Arbeiter, Angestellte, Beamte, Selbstst\u00e4ndige, Arbeitslose und Rentner kommt zahlreich zum Ostermarsch und bringt Friedensfahnen, Plakate und Transparente zu friedenspolitischen Themen mit. (Nationalflaggen und Parteifahnen sind unerw\u00fcnscht.)<\/p>\n<p><strong>Es geht um <span style=\"text-decoration: underline;\">unser aller<\/span> Wohl und ZUKUNFT.<\/strong><\/p>\n<p><strong>Redner<\/strong><\/p>\n<ul>\n<li>Andrej Hunko (MdB und Mitglied der Parlamentarischen Versammlung des Europarates, B\u00fcndnis Sahra Wagenknecht \u2013 Vernunft und Gerechtigkeit)<\/li>\n<li>Dr. Wolfram Adolphi (DIE LINKE)<\/li>\n<li>Kai Kleinw\u00e4chter (WeltTrends e. V., Potsdam)<\/li>\n<\/ul>\n<p><strong>Musikalische Umrahmung<\/strong><\/p>\n<ul>\n<li>Jane Zahn (Gitarre, Liedermacherin, Rheinsberg)<\/li>\n<li>DPCG Engelhafter Chor (Potsdam)<\/li>\n<\/ul>\n<p class=\"default-style\">Weitere Informationen, Aufruftext und Plakate gibt es auf der <a href=\"https:\/\/friedenskoordination-potsdam.org\/2024\/03\/06\/23-03-2024-aufruf-zum-23-potsdamer-ostermarsch\/\" target=\"_blank\" rel=\"noopener\">Webseite<\/a> der Friedenskoordination Potsdam.<\/p>\n","protected":false},"excerpt":{"rendered":"<p>EINLADUNG \/ Aufruf zum 23. Potsdamer Ostermarsch Samstag, 23.03.2024, 15:00 \u2013 17:00 Uhr, Start und Ziel: Brandenburger Tor in Potsdam Friedensf\u00e4hig statt kriegst\u00fcchtig ~ Verhandeln statt T\u00f6ten! Abr\u00fcsten jetzt! Hallo Sch\u00fcler, Auszubildende, Studenten, Arbeiter, Angestellte, Beamte, Selbstst\u00e4ndige, Arbeitslose und Rentner &hellip; <a href=\"https:\/\/www.brandenburger-freidenker.de\/cms\/?p=2612\">Weiterlesen <span class=\"meta-nav\">&rarr;<\/span><\/a><\/p>\n","protected":false},"author":4,"featured_media":0,"comment_status":"closed","ping_status":"closed","sticky":false,"template":"","format":"standard","meta":{"footnotes":""},"categories":[30,25,12,14,8],"tags":[477,373,228,283,284],"class_list":["post-2612","post","type-post","status-publish","format-standard","hentry","category-friedensaktion","category-friko-potsdam","category-ostermarsch","category-potsdam","category-termine","tag-23-potsdamer-ostermarsch","tag-die-waffen-nieder","tag-nie-wieder-krieg","tag-ostermarsch","tag-potsdam"],"_links":{"self":[{"href":"https:\/\/www.brandenburger-freidenker.de\/cms\/index.php?rest_route=\/wp\/v2\/posts\/2612","targetHints":{"allow":["GET"]}}],"collection":[{"href":"https:\/\/www.brandenburger-freidenker.de\/cms\/index.php?rest_route=\/wp\/v2\/posts"}],"about":[{"href":"https:\/\/www.brandenburger-freidenker.de\/cms\/index.php?rest_route=\/wp\/v2\/types\/post"}],"author":[{"embeddable":true,"href":"https:\/\/www.brandenburger-freidenker.de\/cms\/index.php?rest_route=\/wp\/v2\/users\/4"}],"replies":[{"embeddable":true,"href":"https:\/\/www.brandenburger-freidenker.de\/cms\/index.php?rest_route=%2Fwp%2Fv2%2Fcomments&post=2612"}],"version-history":[{"count":1,"href":"https:\/\/www.brandenburger-freidenker.de\/cms\/index.php?rest_route=\/wp\/v2\/posts\/2612\/revisions"}],"predecessor-version":[{"id":2615,"href":"https:\/\/www.brandenburger-freidenker.de\/cms\/index.php?rest_route=\/wp\/v2\/posts\/2612\/revisions\/2615"}],"wp:attachment":[{"href":"https:\/\/www.brandenburger-freidenker.de\/cms\/index.php?rest_route=%2Fwp%2Fv2%2Fmedia&parent=2612"}],"wp:term":[{"taxonomy":"category","embeddable":true,"href":"https:\/\/www.brandenburger-freidenker.de\/cms\/index.php?rest_route=%2Fwp%2Fv2%2Fcategories&post=2612"},{"taxonomy":"post_tag","embeddable":true,"href":"https:\/\/www.brandenburger-freidenker.de\/cms\/index.php?rest_route=%2Fwp%2Fv2%2Ftags&post=2612"}],"curies":[{"name":"wp","href":"https:\/\/api.w.org\/{rel}","templated":true}]}}