{"id":2573,"date":"2023-02-27T02:45:28","date_gmt":"2023-02-27T01:45:28","guid":{"rendered":"https:\/\/www.brandenburger-freidenker.de\/cms\/?p=2573"},"modified":"2023-02-27T09:27:10","modified_gmt":"2023-02-27T08:27:10","slug":"02-03-2023-einladung-zur-potsdamer-runde-im-maerz-2023","status":"publish","type":"post","link":"https:\/\/www.brandenburger-freidenker.de\/cms\/?p=2573","title":{"rendered":"02.03.2023 &#8211; Einladung zur Potsdamer Runde im M\u00e4rz 2023"},"content":{"rendered":"<p><strong>Liebe Freundinnen und Freunde,<\/strong><\/p>\n<p><strong>Wir laden Euch recht herzlich zu unserer n\u00e4chsten Potsdamer Freidenker-Runde ein.<\/strong><\/p>\n<p>Wann: <strong>Donnerstag, den 2. M\u00e4rz 2023<\/strong><br \/>\nab 19:00 Uhr Smalltalk und gemeinsames Essen<br \/>\nab ca. 20:00 Uhr Einf\u00fchrung und Diskussion<\/p>\n<p>Wo: <strong>China Haus, Potsdam, Zeppelinstr. 147<\/strong><br \/>\n(am Bahnhof Charlottenhof in Potsdam West, sehr gut zu erreichen mit den \u00f6ffentlichen Verkehrsmitteln Tram 91, 94, diversen Bus-Linien und diversen Regionalbahnen der Deutschen Bahn).<\/p>\n<p>Thema:<br \/>\n<strong>Der Ukraine-Konflikt ein Jahr nach Beginn der russischen Sonderoperation und der chinesische 12-Punkte-Friedensplan<\/strong><\/p>\n<p>Einleitung: <strong>Frank Ehrhardt<\/strong><\/p>\n<p>Die Einleitung wird nur kurz sein &#8211; daf\u00fcr wird der Diskussion umso mehr Raum gegeben.<br \/>\nWir w\u00fcrden uns freuen, wenn Ihr zahlreich erscheint und interessierte Sympathisanten und Freunde mitbringt.<\/p>\n<p>Freidenkerische Gr\u00fc\u00dfe<\/p>\n<p>Ralf Lux<\/p>\n","protected":false},"excerpt":{"rendered":"<p>Liebe Freundinnen und Freunde, Wir laden Euch recht herzlich zu unserer n\u00e4chsten Potsdamer Freidenker-Runde ein. Wann: Donnerstag, den 2. M\u00e4rz 2023 ab 19:00 Uhr Smalltalk und gemeinsames Essen ab ca. 20:00 Uhr Einf\u00fchrung und Diskussion Wo: China Haus, Potsdam, Zeppelinstr. &hellip; <a href=\"https:\/\/www.brandenburger-freidenker.de\/cms\/?p=2573\">Weiterlesen <span class=\"meta-nav\">&rarr;<\/span><\/a><\/p>\n","protected":false},"author":4,"featured_media":0,"comment_status":"closed","ping_status":"closed","sticky":false,"template":"","format":"standard","meta":{"footnotes":""},"categories":[385,14,8],"tags":[314,163,77,475,78,310,311],"class_list":["post-2573","post","type-post","status-publish","format-standard","hentry","category-dfv-brandenburg","category-potsdam","category-termine","tag-china","tag-diskussionsrunde","tag-freidenker","tag-friedensplan","tag-potsdamer-runde","tag-russland","tag-ukraine"],"_links":{"self":[{"href":"https:\/\/www.brandenburger-freidenker.de\/cms\/index.php?rest_route=\/wp\/v2\/posts\/2573","targetHints":{"allow":["GET"]}}],"collection":[{"href":"https:\/\/www.brandenburger-freidenker.de\/cms\/index.php?rest_route=\/wp\/v2\/posts"}],"about":[{"href":"https:\/\/www.brandenburger-freidenker.de\/cms\/index.php?rest_route=\/wp\/v2\/types\/post"}],"author":[{"embeddable":true,"href":"https:\/\/www.brandenburger-freidenker.de\/cms\/index.php?rest_route=\/wp\/v2\/users\/4"}],"replies":[{"embeddable":true,"href":"https:\/\/www.brandenburger-freidenker.de\/cms\/index.php?rest_route=%2Fwp%2Fv2%2Fcomments&post=2573"}],"version-history":[{"count":1,"href":"https:\/\/www.brandenburger-freidenker.de\/cms\/index.php?rest_route=\/wp\/v2\/posts\/2573\/revisions"}],"predecessor-version":[{"id":2574,"href":"https:\/\/www.brandenburger-freidenker.de\/cms\/index.php?rest_route=\/wp\/v2\/posts\/2573\/revisions\/2574"}],"wp:attachment":[{"href":"https:\/\/www.brandenburger-freidenker.de\/cms\/index.php?rest_route=%2Fwp%2Fv2%2Fmedia&parent=2573"}],"wp:term":[{"taxonomy":"category","embeddable":true,"href":"https:\/\/www.brandenburger-freidenker.de\/cms\/index.php?rest_route=%2Fwp%2Fv2%2Fcategories&post=2573"},{"taxonomy":"post_tag","embeddable":true,"href":"https:\/\/www.brandenburger-freidenker.de\/cms\/index.php?rest_route=%2Fwp%2Fv2%2Ftags&post=2573"}],"curies":[{"name":"wp","href":"https:\/\/api.w.org\/{rel}","templated":true}]}}