{"id":2550,"date":"2022-10-03T18:22:52","date_gmt":"2022-10-03T16:22:52","guid":{"rendered":"https:\/\/www.brandenburger-freidenker.de\/cms\/?p=2550"},"modified":"2022-10-05T23:39:48","modified_gmt":"2022-10-05T21:39:48","slug":"06-10-2022-einladung-zur-potsdamer-runde","status":"publish","type":"post","link":"https:\/\/www.brandenburger-freidenker.de\/cms\/?p=2550","title":{"rendered":"06.10.2022 \u2013 Einladung zur Potsdamer Runde"},"content":{"rendered":"<p>Liebe Freundinnen und Freunde,<\/p>\n<p><strong>Wir laden Euch recht herzlich zu unserer n\u00e4chsten Potsdamer Freidenker-Runde ein.<\/strong><\/p>\n<p>Wann: <strong>Donnerstag, den 6. Oktober 2022<\/strong><br \/>\nab 19:00 Uhr Smalltalk und gemeinsames Essen<br \/>\nab ca. 20:00 Uhr Einf\u00fchrung und Diskussion<\/p>\n<p>Wo: <strong>China Haus, Potsdam, Zeppelinstr. 147<\/strong><br \/>\n(am Bahnhof Charlottenhof in Potsdam West, sehr gut zu erreichen mit den \u00f6ffentlichen Verkehrsmitteln Tram 91, 94, diversen Bus-Linien und diversen Regionalbahnen der Deutschen Bahn).<\/p>\n<p>Thema: <strong>Rechte des Einzelnen vs. Rechte der Allgemeinheit<\/strong><\/p>\n<p>Einf\u00fchrung: <strong>Ralf Lux<\/strong><\/p>\n<ul>\n<li>Demokratische Grundrechte und Menschenrechte<\/li>\n<li>Begrenzung der individuellen Freiheit im Interesse des Gemeinwohls?<\/li>\n<li>Bedingen Grundrechte auch Grundpflichten?<\/li>\n<li>Individualismus vs. Kollektivismus<\/li>\n<\/ul>\n<p>Es wird nur eine kurze Einf\u00fchrung geben, d.h. wir r\u00e4umen der Diskussion den meisten Platz ein. Zur Vorbereitung empfiehlt sich die Lekt\u00fcre der FREIDENKER-Hefte<a href=\"https:\/\/www.freidenker.org\/?p=11259\" target=\"_blank\" rel=\"noopener\"> 3\/21<\/a> und <a href=\"https:\/\/www.freidenker.org\/?p=11872\" target=\"_blank\" rel=\"noopener\">4\/21<\/a>.<\/p>\n<p>Wir w\u00fcrden uns freuen, wenn Ihr zahlreich erscheint und interessierte Sympathisanten und Freunde mitbringt.<\/p>\n","protected":false},"excerpt":{"rendered":"<p>Liebe Freundinnen und Freunde, Wir laden Euch recht herzlich zu unserer n\u00e4chsten Potsdamer Freidenker-Runde ein. Wann: Donnerstag, den 6. Oktober 2022 ab 19:00 Uhr Smalltalk und gemeinsames Essen ab ca. 20:00 Uhr Einf\u00fchrung und Diskussion Wo: China Haus, Potsdam, Zeppelinstr. &hellip; <a href=\"https:\/\/www.brandenburger-freidenker.de\/cms\/?p=2550\">Weiterlesen <span class=\"meta-nav\">&rarr;<\/span><\/a><\/p>\n","protected":false},"author":4,"featured_media":0,"comment_status":"closed","ping_status":"closed","sticky":false,"template":"","format":"standard","meta":{"footnotes":""},"categories":[385,14,8],"tags":[77,78],"class_list":["post-2550","post","type-post","status-publish","format-standard","hentry","category-dfv-brandenburg","category-potsdam","category-termine","tag-freidenker","tag-potsdamer-runde"],"_links":{"self":[{"href":"https:\/\/www.brandenburger-freidenker.de\/cms\/index.php?rest_route=\/wp\/v2\/posts\/2550","targetHints":{"allow":["GET"]}}],"collection":[{"href":"https:\/\/www.brandenburger-freidenker.de\/cms\/index.php?rest_route=\/wp\/v2\/posts"}],"about":[{"href":"https:\/\/www.brandenburger-freidenker.de\/cms\/index.php?rest_route=\/wp\/v2\/types\/post"}],"author":[{"embeddable":true,"href":"https:\/\/www.brandenburger-freidenker.de\/cms\/index.php?rest_route=\/wp\/v2\/users\/4"}],"replies":[{"embeddable":true,"href":"https:\/\/www.brandenburger-freidenker.de\/cms\/index.php?rest_route=%2Fwp%2Fv2%2Fcomments&post=2550"}],"version-history":[{"count":1,"href":"https:\/\/www.brandenburger-freidenker.de\/cms\/index.php?rest_route=\/wp\/v2\/posts\/2550\/revisions"}],"predecessor-version":[{"id":2551,"href":"https:\/\/www.brandenburger-freidenker.de\/cms\/index.php?rest_route=\/wp\/v2\/posts\/2550\/revisions\/2551"}],"wp:attachment":[{"href":"https:\/\/www.brandenburger-freidenker.de\/cms\/index.php?rest_route=%2Fwp%2Fv2%2Fmedia&parent=2550"}],"wp:term":[{"taxonomy":"category","embeddable":true,"href":"https:\/\/www.brandenburger-freidenker.de\/cms\/index.php?rest_route=%2Fwp%2Fv2%2Fcategories&post=2550"},{"taxonomy":"post_tag","embeddable":true,"href":"https:\/\/www.brandenburger-freidenker.de\/cms\/index.php?rest_route=%2Fwp%2Fv2%2Ftags&post=2550"}],"curies":[{"name":"wp","href":"https:\/\/api.w.org\/{rel}","templated":true}]}}