{"id":2541,"date":"2022-08-25T19:33:01","date_gmt":"2022-08-25T17:33:01","guid":{"rendered":"https:\/\/www.brandenburger-freidenker.de\/cms\/?p=2541"},"modified":"2022-08-30T08:22:46","modified_gmt":"2022-08-30T06:22:46","slug":"01-09-2022-einladung-zur-potsdamer-runde","status":"publish","type":"post","link":"https:\/\/www.brandenburger-freidenker.de\/cms\/?p=2541","title":{"rendered":"[Update] 01.09.2022 &#8211; Einladung zur Potsdamer Runde"},"content":{"rendered":"<h3>Einladung zur Potsdamer Runde des Brandenburgischen Freidenker-Verbandes e.V.<\/h3>\n<p><strong>Liebe Freundinnen und Freunde,<\/strong><\/p>\n<p>wir laden Euch recht herzlich zu unserer <strong>Potsdamer Freidenker-Runde<\/strong>\u00a0ein.<\/p>\n<p>Wann:\u00a0Donnerstag, den <strong>1. September 2022<br \/>\n<\/strong>&#8211; ab 19:00 Uhr offen<br \/>\n&#8211; ab 19:30 Uhr Vortrag &amp; Diskussion<\/p>\n<p><del>Wo: China Haus, Potsdam, Zeppelinstr. 147 (am Bahnhof Charlottenhof in Potsdam West, sehr gut zu erreichen mit den \u00f6ffentlichen Verkehrsmitteln Tram 91, 94, diversen Bus-Linien und diversen Regionalbahnen der Deutschen Bahn)<\/del><\/p>\n<p>Wo: <strong>B\u00fcrgertreff Waldstadt,<\/strong> Saarmunder Str. 44, 14478 Potsdam<\/p>\n<p>(Neben der Bibliothek, Nahe dem Waldstadt-Center, Tram 91 oder 93 Haltestelle Friedrich-Wolf-Str.)<\/p>\n<p>Thema: <strong>Aufbau in Zeiten des Krieges &#8211; vom Entstehen einer basisdemokratischen <\/strong><strong>Gesellschaft<\/strong><\/p>\n<p>Ein politischer Reisebericht aus Rojava (Nord-Ostsyrien)<\/p>\n<p>Insgesamt sechs Monate hat die Referentin, Mitglied der St\u00e4dtepartnerschaft Friedrichshain-Kreuzberg, Derik im Gebiet der autonomen Administration Nord-Ostsyrien gearbeitet. In dieser Zeit konnte sie viele verschiedene Orte von Qasmilo bis Tabqa besuchen und kennenlernen u.a. auch unsere Partnerstadt Derik. Zur\u00fcckgekommen ist sie mit einem reichen Erfahrungsschatz \u00fcber das allt\u00e4gliche und politische Leben vor Ort von dem sie berichten wird.<\/p>\n<p>Vortrag und Moderation: Frau <strong>Gisela Rhein<\/strong> aus Berlin<\/p>\n<p>Wir w\u00fcrden uns freuen, wenn Ihr zahlreich erscheint und interessierte Sympathisanten und Freunde mitbringt.<\/p>\n","protected":false},"excerpt":{"rendered":"<p>Einladung zur Potsdamer Runde des Brandenburgischen Freidenker-Verbandes e.V. Liebe Freundinnen und Freunde, wir laden Euch recht herzlich zu unserer Potsdamer Freidenker-Runde\u00a0ein. Wann:\u00a0Donnerstag, den 1. September 2022 &#8211; ab 19:00 Uhr offen &#8211; ab 19:30 Uhr Vortrag &amp; Diskussion Wo: China &hellip; <a href=\"https:\/\/www.brandenburger-freidenker.de\/cms\/?p=2541\">Weiterlesen <span class=\"meta-nav\">&rarr;<\/span><\/a><\/p>\n","protected":false},"author":5,"featured_media":0,"comment_status":"closed","ping_status":"closed","sticky":false,"template":"","format":"standard","meta":{"footnotes":""},"categories":[1,385,14,8],"tags":[77,78],"class_list":["post-2541","post","type-post","status-publish","format-standard","hentry","category-allgemein","category-dfv-brandenburg","category-potsdam","category-termine","tag-freidenker","tag-potsdamer-runde"],"_links":{"self":[{"href":"https:\/\/www.brandenburger-freidenker.de\/cms\/index.php?rest_route=\/wp\/v2\/posts\/2541","targetHints":{"allow":["GET"]}}],"collection":[{"href":"https:\/\/www.brandenburger-freidenker.de\/cms\/index.php?rest_route=\/wp\/v2\/posts"}],"about":[{"href":"https:\/\/www.brandenburger-freidenker.de\/cms\/index.php?rest_route=\/wp\/v2\/types\/post"}],"author":[{"embeddable":true,"href":"https:\/\/www.brandenburger-freidenker.de\/cms\/index.php?rest_route=\/wp\/v2\/users\/5"}],"replies":[{"embeddable":true,"href":"https:\/\/www.brandenburger-freidenker.de\/cms\/index.php?rest_route=%2Fwp%2Fv2%2Fcomments&post=2541"}],"version-history":[{"count":6,"href":"https:\/\/www.brandenburger-freidenker.de\/cms\/index.php?rest_route=\/wp\/v2\/posts\/2541\/revisions"}],"predecessor-version":[{"id":2548,"href":"https:\/\/www.brandenburger-freidenker.de\/cms\/index.php?rest_route=\/wp\/v2\/posts\/2541\/revisions\/2548"}],"wp:attachment":[{"href":"https:\/\/www.brandenburger-freidenker.de\/cms\/index.php?rest_route=%2Fwp%2Fv2%2Fmedia&parent=2541"}],"wp:term":[{"taxonomy":"category","embeddable":true,"href":"https:\/\/www.brandenburger-freidenker.de\/cms\/index.php?rest_route=%2Fwp%2Fv2%2Fcategories&post=2541"},{"taxonomy":"post_tag","embeddable":true,"href":"https:\/\/www.brandenburger-freidenker.de\/cms\/index.php?rest_route=%2Fwp%2Fv2%2Ftags&post=2541"}],"curies":[{"name":"wp","href":"https:\/\/api.w.org\/{rel}","templated":true}]}}