{"id":2533,"date":"2022-08-24T21:05:38","date_gmt":"2022-08-24T19:05:38","guid":{"rendered":"https:\/\/www.brandenburger-freidenker.de\/cms\/?p=2533"},"modified":"2022-08-26T09:08:59","modified_gmt":"2022-08-26T07:08:59","slug":"1-september-2022-weltfriedenstag","status":"publish","type":"post","link":"https:\/\/www.brandenburger-freidenker.de\/cms\/?p=2533","title":{"rendered":"1. September 2022 &#8211; Weltfriedenstag"},"content":{"rendered":"<h2>\u201eDie Waffen nieder!\u201c \u2013 Investitionen in eine friedliche Welt statt in Aufr\u00fcstung und Krieg<\/h2>\n<p>Seit 1950 wird j\u00e4hrlich am 1. September an die Gr\u00e4uel der beiden von Deutschland begonnenen Weltkriege sowie an die schrecklichen Folgen von Krieg, Gewalt und Faschismus erinnert.<br \/>\nEr wird mit der grundlegenden Forderung \u201eNIE WIEDER KRIEG!\u201c, zun\u00e4chst in der DDR als \u201eWeltfriedenstag\u201c und seit 1957 auch in der Bundesrepublik Deutschland als \u201eAntikriegstag\u201c, als ein Tag der Mahnung sowie als Aktionstag begangen.<\/p>\n<p>Dieser Tag erinnert insbesondere an den Beginn des Zweiten Weltkrieges mit dem \u00dcberfall des faschistischen Deutschlands auf Polen am 1. September 1939 und die im Jahre 1945 verk\u00fcndete Lehre: <strong>\u201eVon deutschem Boden darf nie wieder Krieg ausgehen!\u201c<\/strong>.<br \/>\nDie westdeutsche Initiative f\u00fcr diesen Gedenktag ging vor 65 Jahren vom Deutschen Gewerkschaftsbund (DGB) aus. 1957 mobilisierte auch die \u201eAntimilitaristische Aktion 1957\u201c, ein Zusammenschluss der sozialistischen Jugend \u201eDie Falken\u201c, der \u201eNaturfreunde\u201c-Jugend, der Jugend des Rad- und Kraftfahrerbundes \u201eSolidarit\u00e4t\u201c und der Gruppe der Wehrdienstgegner, um vereint gegen die Wehrpflicht und die zunehmenden militaristischen Bestrebungen in der BRD zu k\u00e4mpfen.<!--more--><\/p>\n<p>Nach Beendigung des Kalten Krieges durch Verhandlungen um kollektive Sicherheit und Zusammenarbeit in Europa schien eine friedliche Weltordnung m\u00f6glich. Statt diesen Prozess fortzuf\u00fchren und die Idee eines vereinten Europa umzusetzen, erfolgte jedoch der \u00dcbergang zu einer unipolaren Welt unter Dominanz der USA. Zur Durchsetzung ihrer hegemonialen Interessen dr\u00e4ngten die USA mit Hilfe der NATO, die sich im Gegensatz zum Warschauer Vertrag nicht aufl\u00f6ste, Westeuropa zur permanenten Osterweiterung der NATO und zur Teilnahme an \u201ehumanit\u00e4ren Interventionen\u201c und am \u201eKrieg gegen den Terror\u201c.<\/p>\n<p>Die Welt ist seitdem nicht sicherer und demokratischer geworden, im Gegenteil: Gegenw\u00e4rtig gibt es weltweit etwa 350 Kriege, B\u00fcrgerkriege und sogenannte \u201ebewaffnete Konflikte\u201c.<br \/>\nAm dramatischsten und bedrohlichsten sind derzeit der Krieg in der Ukraine und die Provokationen gegen China. Es gilt, eine weitere Eskalation und bedrohliche Ausweitung hin zu einem Dritten Weltkrieg zu verhindern. R\u00fcckbesinnung auf Entspannungspolitik und Abr\u00fcstung sind gerade jetzt das Gebot der Stunde.<\/p>\n<p>Die Forderung aus dem Jahre 1945 <strong>\u201eNie wieder Krieg!\u201c<\/strong> bedeutet heute: <strong>\u201eDie Waffen nieder!\u201c<\/strong>, auf beiden Seiten! Die Forderung: <strong>\u201eVon deutschem Boden darf nie wieder Krieg ausgehen!\u201c<\/strong> bedeutet heute, dass die Bundesrepublik Deutschland sich verantwortungsvoll f\u00fcr eine friedliche Konfliktl\u00f6sung und Abr\u00fcstung einsetzen muss.<\/p>\n<p>Deshalb fordern wir:<\/p>\n<ul>\n<li style=\"list-style-type: none;\">\n<ul>\n<li>Sofortige Waffenstillstandsverhandlungen aller am Krieg in der Ukraine Beteiligten,<\/li>\n<li>Stopp jeglicher Waffenlieferungen in die Ukraine und in alle weiteren Kriegs-\u00a0 und Krisengebiete,<\/li>\n<li>Stopp der Aufr\u00fcstung der Bundeswehr, Verzicht auf die nukleare Teilhabe Deutschlands und Unterzeichnung des Atomwaffenverbotsvertrages durch die Bundesrepublik Deutschland sowie durch die Staaten der EU, der NATO und aller Atomm\u00e4chte,<\/li>\n<li>Umschichtung der deutschen R\u00fcstungsmilliarden f\u00fcr Bildung, Infrastruktur und Soziales sowie Investitionen in eine weltweit nachhaltige und ressourcenschonende Umwelt- und Klimapolitik,<\/li>\n<li>Aktive Unterst\u00fctzung aller Ma\u00dfnahmen zur Schaffung einer zuk\u00fcnftigen europ\u00e4ischen und globalen kollektiven Sicherheit und Zusammenarbeit, einschlie\u00dflich Russlands und Chinas, durch die Bundesrepublik Deutschland.<\/li>\n<\/ul>\n<h2 style=\"text-align: center;\">Gedenken zum Weltfriedenstag<\/h2>\n<p style=\"text-align: center;\"><strong>Donnerstag, 1. September 2022 <\/strong><br \/>\n<strong>17:00 Uhr \u2013 18:00 Uhr<\/strong><\/p>\n<p style=\"text-align: center;\"><strong>Brandenburger Tor \/ Brandenburger Stra\u00dfe, Potsdam<\/strong><\/p>\n<h3 style=\"text-align: center;\">Interreligi\u00f6ses Friedensgebet und Erkl\u00e4rung zum Weltfriedenstag<\/h3>\n<p style=\"text-align: center;\"><strong>Interreligi\u00f6ses Forum Potsdam,<\/strong><br \/>\n<strong>Friedenskoordination Potsdam<\/strong><\/p>\n<p style=\"text-align: center;\">Texte und Musik<\/p>\n<p>&nbsp;<\/p>\n<p style=\"text-align: center;\"><strong>Unterst\u00fctzer des Aufrufs:<\/strong><br \/>\nAktionsb\u00fcndnis Potsdamer gegen Hartz IV<br \/>\naufstehen, Land Brandenburg<br \/>\naufstehen, Regionalgruppen Potsdam und Brandenburg an der Havel<br \/>\nBrandenburgischer Freidenker-Verband e. V.<br \/>\nDKP Potsdam &amp; Umland<br \/>\nGBM e. V. Potsdam<br \/>\nRotFuchs-F\u00f6rderverein e. V., Regionalgruppe Potsdam<\/p>\n<hr \/>\n<p style=\"text-align: left;\">Download des <a href=\"https:\/\/frikopotsdam.files.wordpress.com\/2022\/08\/aufruf-weltfriedenstag-2022-potsdam.pdf\" target=\"_blank\" rel=\"noopener\"><strong>Aufrufes<\/strong><\/a> als PDF-Dokument (ca. 250 KB)<\/p>\n<p style=\"text-align: left;\">Weitere Informationen gibt es <a href=\"https:\/\/friedenskoordination-potsdam.org\/2022\/08\/23\/aufruf-zum-gedenken-anlaesslich-des-weltfriedenstages-am-01-09-2022\/\" target=\"_blank\" rel=\"noopener\">hier<\/a> zum Nachlesen auf der Webseite der Friedenskoordination Potsdam.<\/p>\n<\/li>\n<\/ul>\n","protected":false},"excerpt":{"rendered":"<p>\u201eDie Waffen nieder!\u201c \u2013 Investitionen in eine friedliche Welt statt in Aufr\u00fcstung und Krieg Seit 1950 wird j\u00e4hrlich am 1. September an die Gr\u00e4uel der beiden von Deutschland begonnenen Weltkriege sowie an die schrecklichen Folgen von Krieg, Gewalt und Faschismus &hellip; <a href=\"https:\/\/www.brandenburger-freidenker.de\/cms\/?p=2533\">Weiterlesen <span class=\"meta-nav\">&rarr;<\/span><\/a><\/p>\n","protected":false},"author":5,"featured_media":0,"comment_status":"closed","ping_status":"closed","sticky":false,"template":"","format":"standard","meta":{"footnotes":""},"categories":[10,385,30,57,388,25,14,8,15],"tags":[357,373,306,359,290,438,285],"class_list":["post-2533","post","type-post","status-publish","format-standard","hentry","category-dfv","category-dfv-brandenburg","category-friedensaktion","category-friedensbewegung","category-friko-potsdam-verbaende","category-friko-potsdam","category-potsdam","category-termine","category-weltfriedenstag","tag-antikriegstag","tag-die-waffen-nieder","tag-friedensbewegung","tag-friedenskoordination-potsdam","tag-friko-potsdam","tag-nieder-mit-dem-krieg","tag-weltfriedenstag"],"_links":{"self":[{"href":"https:\/\/www.brandenburger-freidenker.de\/cms\/index.php?rest_route=\/wp\/v2\/posts\/2533","targetHints":{"allow":["GET"]}}],"collection":[{"href":"https:\/\/www.brandenburger-freidenker.de\/cms\/index.php?rest_route=\/wp\/v2\/posts"}],"about":[{"href":"https:\/\/www.brandenburger-freidenker.de\/cms\/index.php?rest_route=\/wp\/v2\/types\/post"}],"author":[{"embeddable":true,"href":"https:\/\/www.brandenburger-freidenker.de\/cms\/index.php?rest_route=\/wp\/v2\/users\/5"}],"replies":[{"embeddable":true,"href":"https:\/\/www.brandenburger-freidenker.de\/cms\/index.php?rest_route=%2Fwp%2Fv2%2Fcomments&post=2533"}],"version-history":[{"count":6,"href":"https:\/\/www.brandenburger-freidenker.de\/cms\/index.php?rest_route=\/wp\/v2\/posts\/2533\/revisions"}],"predecessor-version":[{"id":2539,"href":"https:\/\/www.brandenburger-freidenker.de\/cms\/index.php?rest_route=\/wp\/v2\/posts\/2533\/revisions\/2539"}],"wp:attachment":[{"href":"https:\/\/www.brandenburger-freidenker.de\/cms\/index.php?rest_route=%2Fwp%2Fv2%2Fmedia&parent=2533"}],"wp:term":[{"taxonomy":"category","embeddable":true,"href":"https:\/\/www.brandenburger-freidenker.de\/cms\/index.php?rest_route=%2Fwp%2Fv2%2Fcategories&post=2533"},{"taxonomy":"post_tag","embeddable":true,"href":"https:\/\/www.brandenburger-freidenker.de\/cms\/index.php?rest_route=%2Fwp%2Fv2%2Ftags&post=2533"}],"curies":[{"name":"wp","href":"https:\/\/api.w.org\/{rel}","templated":true}]}}