{"id":2480,"date":"2020-08-30T21:03:50","date_gmt":"2020-08-30T19:03:50","guid":{"rendered":"https:\/\/www.brandenburger-freidenker.de\/cms\/?p=2480"},"modified":"2020-08-31T22:18:44","modified_gmt":"2020-08-31T20:18:44","slug":"03-09-2020-einladung-zur-potsdamer-runde-im-september-2020","status":"publish","type":"post","link":"https:\/\/www.brandenburger-freidenker.de\/cms\/?p=2480","title":{"rendered":"03.09.2020 &#8211; Einladung zur Potsdamer Runde im September 2020"},"content":{"rendered":"<p><strong>Einladung zur Potsdamer Runde des Brandenburgischen Freidenker-Verbandes e.V.<\/strong><\/p>\n<p><strong>Liebe Freundinnen und Freunde,<\/strong><\/p>\n<p>wir laden Euch recht herzlich zu unserer n\u00e4chsten Potsdamer Freidenker-Runde ein.<\/p>\n<p>Wann: <strong>Donnerstag, den 3. September 2020<\/strong><br \/>\n&#8211; ab 19:00 Uhr Smalltalk und gemeinsames Essen<br \/>\n&#8211; ab ca. 20:00 Uhr Diskussion<\/p>\n<p>Wo: <strong>China Haus, Potsdam, Zeppelinstr. 147<\/strong><br \/>\n(am Bahnhof Charlottenhof in Potsdam West, sehr gut zu erreichen mit den \u00f6ffentlichen Verkehrsmitteln Tram 91, 94, diversen Bus-Linien und diversen Regionalbahnen der Deutschen Bahn)<\/p>\n<p><em>Schon wieder einmal kann der urspr\u00fcnglich geplante Vortrag, diesmal zum Thema &#8222;Identit\u00e4re Bewegung und Radikalisierungsmaschinen&#8220;, nicht stattfinden. Wir hoffen, ihn im n\u00e4chsten Monat nachholen zu k\u00f6nnen. Daf\u00fcr ziehen wir das f\u00fcr Oktober geplante Thema vor.<\/em><\/p>\n<p>Am <del>6. September 2020<\/del> <a href=\"https:\/\/amerika21.de\/2020\/08\/242632\/bolivien-neuwahl-putsch-regime-oktober\" target=\"_blank\" rel=\"noopener noreferrer\">18. Oktober 2020<\/a> sollen die Pr\u00e4sidentschaftswahlen in Bolivien stattfinden. Da passt es ganz gut, den Film, den wir f\u00fcr Oktober vorgesehen hatten, nun vorzuziehen.<\/p>\n<p>Thema: <strong>Aktuelles zur politischen Situation in Lateinamerika<\/strong> (offene Diskussion)<br \/>\nFilm: <strong>Und dann der Regen<\/strong> (Vorf\u00fchrung und Diskussion)<\/p>\n<p>Der Film der spanischen Regisseurin Ic\u00edar Bolla\u00edn aus dem Jahre 2010 basiert auf den tats\u00e4chlichen Ereignissen des Wasserkriegs von Cochabamba im Jahre 2000.<\/p>\n<p><strong>Hinweis<\/strong><br \/>\nBitte Eure Mund- und Nasenschutzmasken nicht vergessen. Wir m\u00fcssen wieder selbst auf die Einhaltung der Vorsichtsregeln achten (Abstand etc.).<\/p>\n<p>Wir w\u00fcrden uns freuen, wenn Ihr zahlreich erscheint und interessierte Sympathisanten und Freunde mitbringt.<\/p>\n<p>Aber bitte teilt uns mit, wenn Ihr vorhabt, zu kommen, damit wir absch\u00e4tzen k\u00f6nnen, ob wir das stemmen k\u00f6nnen. In dem Raum k\u00f6nnen wir etwa 10-15 Personen versammeln.<\/p>\n<p>Bitte schickt uns eine E-Mail an <a href=\"mailto:ralf.lux@freidenker.org\" target=\"_blank\" rel=\"noopener noreferrer\">ralf.lux@freidenker.org<\/a><\/p>\n<p>Mit freidenkerische Gr\u00fc\u00dfe<\/p>\n<p>Ralf Lux<br \/>\nBrandenburgischer Freidenker-Verband e.V.<br \/>\n<a href=\"https:\/\/www.brandenburger-freidenker.de\" target=\"_blank\" rel=\"noopener noreferrer\">https:\/\/www.brandenburger-freidenker.de<\/a><\/p>\n","protected":false},"excerpt":{"rendered":"<p>Einladung zur Potsdamer Runde des Brandenburgischen Freidenker-Verbandes e.V. Liebe Freundinnen und Freunde, wir laden Euch recht herzlich zu unserer n\u00e4chsten Potsdamer Freidenker-Runde ein. Wann: Donnerstag, den 3. September 2020 &#8211; ab 19:00 Uhr Smalltalk und gemeinsames Essen &#8211; ab ca. &hellip; <a href=\"https:\/\/www.brandenburger-freidenker.de\/cms\/?p=2480\">Weiterlesen <span class=\"meta-nav\">&rarr;<\/span><\/a><\/p>\n","protected":false},"author":5,"featured_media":0,"comment_status":"closed","ping_status":"closed","sticky":false,"template":"","format":"standard","meta":{"footnotes":""},"categories":[385,14,8],"tags":[463,77,464,78,465],"class_list":["post-2480","post","type-post","status-publish","format-standard","hentry","category-dfv-brandenburg","category-potsdam","category-termine","tag-bolivien","tag-freidenker","tag-lateinamerika","tag-potsdamer-runde","tag-wasserkrieg"],"_links":{"self":[{"href":"https:\/\/www.brandenburger-freidenker.de\/cms\/index.php?rest_route=\/wp\/v2\/posts\/2480","targetHints":{"allow":["GET"]}}],"collection":[{"href":"https:\/\/www.brandenburger-freidenker.de\/cms\/index.php?rest_route=\/wp\/v2\/posts"}],"about":[{"href":"https:\/\/www.brandenburger-freidenker.de\/cms\/index.php?rest_route=\/wp\/v2\/types\/post"}],"author":[{"embeddable":true,"href":"https:\/\/www.brandenburger-freidenker.de\/cms\/index.php?rest_route=\/wp\/v2\/users\/5"}],"replies":[{"embeddable":true,"href":"https:\/\/www.brandenburger-freidenker.de\/cms\/index.php?rest_route=%2Fwp%2Fv2%2Fcomments&post=2480"}],"version-history":[{"count":2,"href":"https:\/\/www.brandenburger-freidenker.de\/cms\/index.php?rest_route=\/wp\/v2\/posts\/2480\/revisions"}],"predecessor-version":[{"id":2482,"href":"https:\/\/www.brandenburger-freidenker.de\/cms\/index.php?rest_route=\/wp\/v2\/posts\/2480\/revisions\/2482"}],"wp:attachment":[{"href":"https:\/\/www.brandenburger-freidenker.de\/cms\/index.php?rest_route=%2Fwp%2Fv2%2Fmedia&parent=2480"}],"wp:term":[{"taxonomy":"category","embeddable":true,"href":"https:\/\/www.brandenburger-freidenker.de\/cms\/index.php?rest_route=%2Fwp%2Fv2%2Fcategories&post=2480"},{"taxonomy":"post_tag","embeddable":true,"href":"https:\/\/www.brandenburger-freidenker.de\/cms\/index.php?rest_route=%2Fwp%2Fv2%2Ftags&post=2480"}],"curies":[{"name":"wp","href":"https:\/\/api.w.org\/{rel}","templated":true}]}}