{"id":2388,"date":"2019-08-30T14:41:46","date_gmt":"2019-08-30T12:41:46","guid":{"rendered":"https:\/\/www.brandenburger-freidenker.de\/cms\/?p=2388"},"modified":"2019-08-30T14:53:49","modified_gmt":"2019-08-30T12:53:49","slug":"05-09-2019-einladung-zur-potsdamer-runde-im-september-2019","status":"publish","type":"post","link":"https:\/\/www.brandenburger-freidenker.de\/cms\/?p=2388","title":{"rendered":"05.09.2019 \u2013 Einladung zur Potsdamer Runde im September 2019"},"content":{"rendered":"<p class=\"Normal tm5\"><strong><span class=\"tm6\">Einladung zur Potsdamer Runde des Brandenburgischen Freidenker-Verbandes e.V.<\/span><\/strong><\/p>\n<p class=\"Normal tm5\"><span class=\"tm6\">Liebe Freundinnen und Freunde,<\/span><\/p>\n<p class=\"Normal tm5\"><span class=\"tm6\">wir laden Euch recht herzlich zu unserer n\u00e4chsten Potsdamer Freidenker-Runde ein.<\/span><\/p>\n<p class=\"Normal tm5\"><span class=\"tm6\">Wann:\u00a0<strong>Donnerstag, den 5. September 2019<\/strong><\/span><\/p>\n<ul>\n<li class=\"Normal tm5\"><span class=\"tm6\"><strong>ab 19:00 Uhr<\/strong>\u00a0Smalltalk und gemeinsames Essen<\/span><\/li>\n<li class=\"Normal tm5\"><span class=\"tm6\"><strong>ab ca. 20:00 Uhr<\/strong>\u00a0Vortrag und Diskussion<\/span><\/li>\n<\/ul>\n<p><span class=\"tm6\">Wo:\u00a0<strong>China Haus, Potsdam, Zeppelinstr. 147<br \/>\n<\/strong><\/span><span class=\"tm6\">(am Bahnhof Charlottenhof in Potsdam West, sehr gut zu erreichen mit den \u00f6ffentlichen Verkehrsmitteln Tram 91, 94, diversen Bus-Linien und diversen Regionalbahnen der Deutschen Bahn)<\/span><\/p>\n<p class=\"Normal tm5\"><span class=\"tm6\">Thema: <strong>Kriegsgr\u00e4ber im Land Brandenburg<br \/>\n<\/strong>Referent: <strong>Ralf Neukirchen<\/strong><\/span><\/p>\n<p class=\"Normal tm5\"><span class=\"tm6\">Wir w\u00fcrden uns freuen, wenn Ihr zahlreich erscheint und interessierte Sympathisanten und Freunde mitbringt.<\/span><!--more--><\/p>\n<h2>Thematischer Einstieg<\/h2>\n<p><strong>Kriegsgr\u00e4ber im Land Brandenburg<\/strong><\/p>\n<ol>\n<li>Einf\u00fchrung \/ geschichtlicher R\u00fcckblick<\/li>\n<li>Kriegsgr\u00e4ber 1. Weltkrieg<\/li>\n<li>Kriegsgr\u00e4ber nach dem 2. Weltkrieg<\/li>\n<li>Kriegsgr\u00e4ber in der Sowjetischen Besatzungszone \/ Deutsche Demokratische Republik<\/li>\n<li>Kriegsgr\u00e4ber in der Bundesrepublik Deutschland<\/li>\n<li>Kriegsgr\u00e4ber im Land Brandenburg (ab 1990)<\/li>\n<li>Opfergruppen<\/li>\n<li>besondere Gr\u00e4berst\u00e4tten<\/li>\n<li>besondere Teilaspekte<\/li>\n<\/ol>\n<p>(Der Begriff Kriegsgr\u00e4ber wird synonym f\u00fcr die Gr\u00e4ber der Opfer von Krieg und Gewaltherrschaft verwendet.)<\/p>\n<h3>Hyperlinks zum Einlesen<\/h3>\n<p><strong>Theorie<\/strong><\/p>\n<ul>\n<li>Gr\u00e4bergesetz:<br \/>\n<a href=\"https:\/\/www.gesetze-im-internet.de\/gr_bg\/BJNR005890965.html\" target=\"_blank\" rel=\"noopener noreferrer\">https:\/\/www.gesetze-im-internet.de\/gr_bg\/BJNR005890965.html<\/a><\/li>\n<li>Ausf\u00fchrungsgesetz f\u00fcr das Land Brandenburg:<br \/>\n<a href=\"https:\/\/bravors.brandenburg.de\/gesetze\/graebg_agbbg\" target=\"_blank\" rel=\"noopener noreferrer\">https:\/\/bravors.brandenburg.de\/gesetze\/graebg_agbbg<\/a><\/li>\n<li>Allgemeine Verwaltungsvorschrift zur Ausf\u00fchrung des Gr\u00e4bergesetzes:<br \/>\n<a href=\"http:\/\/www.verwaltungsvorschriften-im-internet.de\/bsvwvbund_12092007_313376400101.htm\" target=\"_blank\" rel=\"noopener noreferrer\">http:\/\/www.verwaltungsvorschriften-im-internet.de\/bsvwvbund_12092007_313376400101.htm<\/a><\/li>\n<\/ul>\n<p><strong>Praxis<\/strong><\/p>\n<ul>\n<li>Volksbund Deutsche Kriegsgr\u00e4berf\u00fcrsorge e.V.<br \/>\n<a href=\"https:\/\/www.volksbund.de\/kriegsgraeberstaette.html?letter=L&amp;loc=Deutschland&amp;wk1=&amp;wk2=\" target=\"_blank\" rel=\"noopener noreferrer\">https:\/\/www.volksbund.de\/kriegsgraeberstaette.html?letter=L&amp;loc=Deutschland&amp;wk1=&amp;wk2=<\/a><\/li>\n<\/ul>\n<p style=\"padding-left: 40px;\">(keine komplette Erfassung der Gr\u00e4berst\u00e4tten)<\/p>\n<ul>\n<li>Verein zur Bergung Gefallener in Osteuropa e.V.:<br \/>\n<a href=\"http:\/\/www.vbgo.de\/\" target=\"_blank\" rel=\"noopener noreferrer\">http:\/\/www.vbgo.de\/<\/a><\/li>\n<li>Sowjetische Ehrenmale in Deutschland<br \/>\n<a href=\"http:\/\/www.sowjetische-memoriale.de\/\" target=\"_blank\" rel=\"noopener noreferrer\">http:\/\/www.sowjetische-memoriale.de\/<\/a><\/li>\n<li>Jamlitz (KZ-Au\u00dfenlager, Sowjetisches Speziallager)<br \/>\n<a href=\"http:\/\/www.die-lager-jamlitz.de\/index.html\" target=\"_blank\" rel=\"noopener noreferrer\">http:\/\/www.die-lager-jamlitz.de\/index.html<\/a><\/li>\n<li>Berliner Kriegsgr\u00e4berst\u00e4tten (Kurz\u00fcbersicht)<br \/>\n<a href=\"https:\/\/www.berlinstadtservice.de\/xinh\/Soldatenfriedhof.html\" target=\"_blank\" rel=\"noopener noreferrer\">https:\/\/www.berlinstadtservice.de\/xinh\/Soldatenfriedhof.html<\/a><\/li>\n<li>Kriegsgefangenenlager Zeithain (Sachsen)<br \/>\n<a href=\"https:\/\/de.wikipedia.org\/wiki\/Stalag_IV_H\" target=\"_blank\" rel=\"noopener noreferrer\">https:\/\/de.wikipedia.org\/wiki\/Stalag_IV_H<\/a><\/li>\n<\/ul>\n","protected":false},"excerpt":{"rendered":"<p>Einladung zur Potsdamer Runde des Brandenburgischen Freidenker-Verbandes e.V. Liebe Freundinnen und Freunde, wir laden Euch recht herzlich zu unserer n\u00e4chsten Potsdamer Freidenker-Runde ein. Wann:\u00a0Donnerstag, den 5. September 2019 ab 19:00 Uhr\u00a0Smalltalk und gemeinsames Essen ab ca. 20:00 Uhr\u00a0Vortrag und Diskussion &hellip; <a href=\"https:\/\/www.brandenburger-freidenker.de\/cms\/?p=2388\">Weiterlesen <span class=\"meta-nav\">&rarr;<\/span><\/a><\/p>\n","protected":false},"author":5,"featured_media":0,"comment_status":"closed","ping_status":"closed","sticky":false,"template":"","format":"standard","meta":{"footnotes":""},"categories":[385,8],"tags":[77,76,75,453,78],"class_list":["post-2388","post","type-post","status-publish","format-standard","hentry","category-dfv-brandenburg","category-termine","tag-freidenker","tag-frieden","tag-krieg","tag-kriegsgraeber","tag-potsdamer-runde"],"_links":{"self":[{"href":"https:\/\/www.brandenburger-freidenker.de\/cms\/index.php?rest_route=\/wp\/v2\/posts\/2388","targetHints":{"allow":["GET"]}}],"collection":[{"href":"https:\/\/www.brandenburger-freidenker.de\/cms\/index.php?rest_route=\/wp\/v2\/posts"}],"about":[{"href":"https:\/\/www.brandenburger-freidenker.de\/cms\/index.php?rest_route=\/wp\/v2\/types\/post"}],"author":[{"embeddable":true,"href":"https:\/\/www.brandenburger-freidenker.de\/cms\/index.php?rest_route=\/wp\/v2\/users\/5"}],"replies":[{"embeddable":true,"href":"https:\/\/www.brandenburger-freidenker.de\/cms\/index.php?rest_route=%2Fwp%2Fv2%2Fcomments&post=2388"}],"version-history":[{"count":6,"href":"https:\/\/www.brandenburger-freidenker.de\/cms\/index.php?rest_route=\/wp\/v2\/posts\/2388\/revisions"}],"predecessor-version":[{"id":2394,"href":"https:\/\/www.brandenburger-freidenker.de\/cms\/index.php?rest_route=\/wp\/v2\/posts\/2388\/revisions\/2394"}],"wp:attachment":[{"href":"https:\/\/www.brandenburger-freidenker.de\/cms\/index.php?rest_route=%2Fwp%2Fv2%2Fmedia&parent=2388"}],"wp:term":[{"taxonomy":"category","embeddable":true,"href":"https:\/\/www.brandenburger-freidenker.de\/cms\/index.php?rest_route=%2Fwp%2Fv2%2Fcategories&post=2388"},{"taxonomy":"post_tag","embeddable":true,"href":"https:\/\/www.brandenburger-freidenker.de\/cms\/index.php?rest_route=%2Fwp%2Fv2%2Ftags&post=2388"}],"curies":[{"name":"wp","href":"https:\/\/api.w.org\/{rel}","templated":true}]}}