{"id":234,"date":"2011-03-17T21:31:03","date_gmt":"2011-03-17T20:31:03","guid":{"rendered":"http:\/\/www.brandenburger-freidenker.de\/cms\/?p=234"},"modified":"2011-03-17T21:38:59","modified_gmt":"2011-03-17T20:38:59","slug":"freidenker-verband-stellt-festschrift-zum-100-internationalen-frauentag-vor","status":"publish","type":"post","link":"https:\/\/www.brandenburger-freidenker.de\/cms\/?p=234","title":{"rendered":"Freidenker-Verband stellt Festschrift zum 100. Internationalen Frauentag vor"},"content":{"rendered":"<div id=\"attachment_237\" style=\"width: 210px\" class=\"wp-caption alignleft\"><img loading=\"lazy\" decoding=\"async\" aria-describedby=\"caption-attachment-237\" src=\"https:\/\/www.brandenburger-freidenker.de\/cms\/wp-content\/uploads\/2011\/03\/f1219c2597.jpg\" alt=\"Eine Festschrift vom DFV NRW\" title=\"1911-2011 - 100 Jahre Internationaler Frauentag\" width=\"200\" height=\"198\" class=\"size-full wp-image-237\" srcset=\"https:\/\/www.brandenburger-freidenker.de\/cms\/wp-content\/uploads\/2011\/03\/f1219c2597.jpg 200w, https:\/\/www.brandenburger-freidenker.de\/cms\/wp-content\/uploads\/2011\/03\/f1219c2597-150x150.jpg 150w\" sizes=\"auto, (max-width: 200px) 100vw, 200px\" \/><\/p>\n<p id=\"caption-attachment-237\" class=\"wp-caption-text\">100 Jahre Internationaler Frauentag<\/p>\n<\/div>\n<p><strong>Freidenker-Verband stellt Festschrift zum 100. Internationalen Frauentag vor <\/strong><\/p>\n<p>Zum 100. Internationalen Frauentag hat der Freidenker-Verband NRW der Frauenbewegung ein besonderes Geschenk gemacht. In einer Festschrift mit dem Titel FrauenANSICHTEN bilanzieren 58 Aktivistinnen \u2013 jede ganz pers\u00f6nlich \u2013 die gesellschaftliche Lage der Frauen. \u201eWas ist erreicht? Wie haben wir es geschafft? Und was ist noch zu tun?\u201c, wollte Edith Fr\u00f6se, die f\u00fcr die FreidenkerInnen das Projekt verantwortlich betreut hat, von den Frauen wissen. <\/p>\n<p>So wie die Frauen sich in Alter, beruflichem Hintergrund, politischer Erfahrung unterscheiden, so unterschiedlich sind auch ihre Sichtweisen und Antworten. Vorgestellt werden sie gleichwertig. Pro Frau und Beitrag enth\u00e4lt das Buch je eine Seite mit dem Bild, einer biographischen Notiz und der Stellungnahme der jeweiligen Frau. Gerade deshalb vermittelt das schmale, aber hochwertig aufgemachte Buch jeder Leserin Einblicke und Einsichten.  Dass es Edith Fr\u00f6se gelungen ist  bekannte \u201ealte\u201c K\u00e4mpferinnen wie Frigga Haug oder Florence Herv\u00e9 ebenso f\u00fcr das Projekt zu gewinnen, wie Frauen, die durch diese Festschrift erstmals einen gr\u00f6\u00dferen Kreis erreichen, ist dabei ein besonderer Gewinn. <!--more--><\/p>\n<p>Einig sind sich die befragten Frauen, dass mehr als 100 Jahre Frauenbewegung durchaus zu Verbesserungen f\u00fcr die Frauen gef\u00fchrt haben. Genannt werden hier die formale rechtliche und politische Gleichstellung, die bis in die Siebziger Jahre des 20. Jahrhunderts erk\u00e4mpft wurden. Auch der Zugang zu h\u00f6herer Bildung und die \u00f6konomische Unabh\u00e4ngigkeit durch ein eigenes Einkommen wird als Errungenschaft der Frauenbewegung eingeordnet. Allerdings ist den Frauen durchweg bewu\u00dft, dass unter kapitalistischen wie patriachalischen Bedingungen diese Errungenschaften weder vollkommen noch gesichert sind. Kapitalismus und Patriarchat setzen Grenzen, die viele Frauen beschreiben: Frauenarmut, Frauenerwerbslosigkeit, aber auch die ungerechte Schlechterstellung von Frauen im Beruf werden ebenso wie Sexismus, sexuelle Ausbeutung, h\u00e4usliche Gewalt oder ein repressives Abtreibungsrecht als direkte Auswirkungen der gesellschaftlichen und \u00f6konomischen Rahmensetzung begriffen. Damit \u2013 und das klingt in einigen Beitr\u00e4gen an \u2013 sind Fortschritte nur durch massenhaftes politisches Engagement von Frauen gegen Patriarchat und Kapital zu erwarten. <\/p>\n<p>Diese Erkenntnis bef\u00f6rderte auch das Rahmenprogramm des gestrigen Abends, an dem Festschrift pr\u00e4sentiert wurde. Karin Gerlich nahm die Anwesenden dabei auf eine Zeitreise in die Geschichte der Frauenbewegung mit. Den Bogen spannte sie von der franz\u00f6sischen Revolution bis ins Jahr 2011. Sie erinnerte an Vork\u00e4mpferinnen der Frauenbewegung wie Olympe de Gouge, Louise Otto-Peters, Clara Zetkin und Rosa Luxemburg sowie an viele besondere internationale Frauentage. Demonstrationen von vielen Hunderttausend Frauen zu Anfang sowie die k\u00e4mpferische Frauenbewegung in der zweiten H\u00e4lfte des 20. Jahrhunderts zeigten den Anwesenden die Mittel f\u00fcr weitere Fortschritte auf. <\/p>\n<p>Die Festschrift kann \u00fcber den Freidenker-Verband Nordrhein-Westfalen bezogen werden. <\/p>\n<p>Projektverantwortliche:  Edith  F r \u00f6 s e  &#8211;  E-Mail: <a href=\"mailto:efroese@online.de\">efroese@online.de<\/a>  (Einzelpreis: 10,-\u20ac +Versandkosten und freiw. Spende)<\/p>\n<p><strong>Deutscher Freidenker-Verband &#8211; DFV  e.V.<br \/>\nLandesverband  N R W<br \/>\nBayenstra\u00dfe 11<br \/>\n50678   K \u00f6 l n<br \/>\nTel.: 0151\/14468377<br \/>\nE-Mail: <a href=\"mailto:nordrhein-westfalen@freidenker.org\">nordrhein-westfalen@freidenker.org<\/a><br \/>\nHomepage: <a href=\"http:\/\/www.nordrhein-westfalen.freidenker.org\" target=\"_new\">www.nordrhein-westfalen.freidenker.org<\/a><\/strong><\/p>\n","protected":false},"excerpt":{"rendered":"<p>Freidenker-Verband stellt Festschrift zum 100. Internationalen Frauentag vor Zum 100. Internationalen Frauentag hat der Freidenker-Verband NRW der Frauenbewegung ein besonderes Geschenk gemacht. In einer Festschrift mit dem Titel FrauenANSICHTEN bilanzieren 58 Aktivistinnen \u2013 jede ganz pers\u00f6nlich \u2013 die gesellschaftliche Lage &hellip; <a href=\"https:\/\/www.brandenburger-freidenker.de\/cms\/?p=234\">Weiterlesen <span class=\"meta-nav\">&rarr;<\/span><\/a><\/p>\n","protected":false},"author":5,"featured_media":0,"comment_status":"closed","ping_status":"closed","sticky":false,"template":"","format":"standard","meta":{"footnotes":""},"categories":[10,11,9],"tags":[],"class_list":["post-234","post","type-post","status-publish","format-standard","hentry","category-dfv","category-dfv-landesverbande","category-literatur"],"_links":{"self":[{"href":"https:\/\/www.brandenburger-freidenker.de\/cms\/index.php?rest_route=\/wp\/v2\/posts\/234","targetHints":{"allow":["GET"]}}],"collection":[{"href":"https:\/\/www.brandenburger-freidenker.de\/cms\/index.php?rest_route=\/wp\/v2\/posts"}],"about":[{"href":"https:\/\/www.brandenburger-freidenker.de\/cms\/index.php?rest_route=\/wp\/v2\/types\/post"}],"author":[{"embeddable":true,"href":"https:\/\/www.brandenburger-freidenker.de\/cms\/index.php?rest_route=\/wp\/v2\/users\/5"}],"replies":[{"embeddable":true,"href":"https:\/\/www.brandenburger-freidenker.de\/cms\/index.php?rest_route=%2Fwp%2Fv2%2Fcomments&post=234"}],"version-history":[{"count":0,"href":"https:\/\/www.brandenburger-freidenker.de\/cms\/index.php?rest_route=\/wp\/v2\/posts\/234\/revisions"}],"wp:attachment":[{"href":"https:\/\/www.brandenburger-freidenker.de\/cms\/index.php?rest_route=%2Fwp%2Fv2%2Fmedia&parent=234"}],"wp:term":[{"taxonomy":"category","embeddable":true,"href":"https:\/\/www.brandenburger-freidenker.de\/cms\/index.php?rest_route=%2Fwp%2Fv2%2Fcategories&post=234"},{"taxonomy":"post_tag","embeddable":true,"href":"https:\/\/www.brandenburger-freidenker.de\/cms\/index.php?rest_route=%2Fwp%2Fv2%2Ftags&post=234"}],"curies":[{"name":"wp","href":"https:\/\/api.w.org\/{rel}","templated":true}]}}