{"id":2176,"date":"2018-12-23T23:40:14","date_gmt":"2018-12-23T22:40:14","guid":{"rendered":"https:\/\/www.brandenburger-freidenker.de\/cms\/?p=2176"},"modified":"2018-12-28T18:55:49","modified_gmt":"2018-12-28T17:55:49","slug":"29-12-2018-solidarite-solidaritaet-mit-den-gelbwesten","status":"publish","type":"post","link":"https:\/\/www.brandenburger-freidenker.de\/cms\/?p=2176","title":{"rendered":"29.12.2018 &#8211; Solidarit\u00e9!  Solidarit\u00e4t mit den Gelbwesten!"},"content":{"rendered":"<div>\n<div>\n<div>\n<div>\n<p><strong>&#8211; Solidarit\u00e4tskundgebung<\/strong> am <strong>29. Dezember 2018<\/strong> um <strong>13.00 Uhr<\/strong> am <strong>Brandenburger Tor<\/strong> in <strong>Berlin &#8211;<br \/>\n<\/strong><\/p>\n<h4><strong>Aufruf<\/strong><\/h4>\n<div>\n<h2 class=\"EinfacherAbsatz\"><span style=\"font-family: georgia,palatino,serif;\"><b><i><span style=\"line-height: 120%;\">Solidarit\u00e9!<br \/>\nSolidarit\u00e4t mit den Gelbwesten!<\/span><\/i><\/b><\/span><\/h2>\n<p class=\"EinfacherAbsatz\"><span style=\"line-height: 120%;\"><span style=\"letter-spacing: -0.1pt;\">In Erw\u00e4gung, dass der Protest der Gelbwesten \u2013 der \u201eGilets jaunes\u201c \u2013 sich gegen die Superreichen und Kriegstreiber in Frankreich richtet.<\/span><\/span><\/p>\n<p class=\"EinfacherAbsatz\"><span style=\"line-height: 120%;\"><span style=\"letter-spacing: -0.1pt;\">In Erw\u00e4gung, dass dieser Widerstand sich gleichzeitig gegen die EU richtet \u2013 gegen das Europa der Superreichen und Kriegstreiber.<\/span><\/span><\/p>\n<p class=\"EinfacherAbsatz\"><span style=\"line-height: 120%;\"><span style=\"letter-spacing: -0.1pt;\">In Erw\u00e4gung, dass die Gelbwesten somit auch gegen die Superreichen und Kriegstreiber in unserem Land und ihre Bundeskanzlerin Merkel k\u00e4mpfen.<\/span><\/span><\/p>\n<p class=\"EinfacherAbsatz\"><span style=\"line-height: 120%;\"><span style=\"letter-spacing: -0.1pt;\">Und in Erw\u00e4gung, dass dieser Widerstand des franz\u00f6sischen Volkes Verleumdungen, Bestechung und Polizeigewalt widersteht \u2013 sagen wir: <\/span><\/span><\/p>\n<p class=\"EinfacherAbsatz\" style=\"text-align: center;\"><span style=\"line-height: 120%;\"><span style=\"letter-spacing: -0.1pt;\"><strong>Solidarit\u00e4t mit den Gelbwesten ist das Gebot der Stunde!<br \/>\nDer Kampf der Gelbwesten ist auch unser Kampf!<\/strong><\/span><\/span><\/p>\n<p class=\"EinfacherAbsatz\"><span style=\"line-height: 120%;\"><span style=\"letter-spacing: -0.1pt;\">Deswegen rufen wir zur <strong>Solidarit\u00e4tskundgebung<\/strong> am <strong>29. Dezember 2018<\/strong> um <strong>13.00 Uhr<\/strong> am <strong>Brandenburger Tor<\/strong> in <strong>Berlin<\/strong> auf.<\/span><\/span><\/p>\n<p class=\"EinfacherAbsatz\"><b><i><span style=\"line-height: 120%;\">La Libert\u00e9 guidant le peuple \u2013 die Freiheit f\u00fchrt das Volk! <\/span><\/i><\/b><\/p>\n<p class=\"EinfacherAbsatz\"><b><span style=\"line-height: 120%;\">Unterzeichnerinnen und Unterzeichner:<\/span><\/b><span style=\"line-height: 120%;\"><i>Hans Bauer (Vorsitzender GRH e.V., Vizepr\u00e4sident des OKV e.V.) \u2022 Heinrich B\u00fccker (Coop Antikriegscaf\u00e9 Berlin) \u2022 Uli Gellermann (Rationalgalerie) \u2022 M\u00e4nne Gr\u00fc\u00df (Parteivorstand DKP) \u2022 Hartmut Heck (Freischaffender K\u00fcnstler) \u2022 Liane Kilinc (Friedensbr\u00fccke-Kriegsopferhilfe e.V.) \u2022 Bernd Lachmann (Stellv. Vorsitzender Kreisvorstand DIE LINKE. Potsdam-Mittelmark) \u2022 Prof. Dr. Anton Latzo (DKP Brandenburg) \u2022 Klaus Linder (Vorsitzender Landesverband Berlin im Deutschen Freidenker-Verband) \u2022 Ralf Lux (Vorsitzender Brandenburgischer Freidenker-Verband) \u2022 Barbara Majd Amin (Sprecherin DKP Berlin) \u2022 Motocicleta Sputnik Berlin \u2022 Maik M\u00fcller (KPD) \u2022 Doris Pumphrey \u2022 George Pumphrey \u2022 Dr. Marianna Schauzu (Marx Engels Zentrum Berlin) \u2022 Andreas Schl\u00fcter (Diplom-Soziologe) \u2022 Andreas Wehr (Marx Engels Zentrum Berlin) \u2022 Laura von Wimmersperg \u2022 Dr. Dittmar Zengerling <span style=\"letter-spacing: -0.1pt;\">(Mitglied Aufstehen Brandenburg, Stellv. Sprecher Friedenskoordination Potsdam, Stellv. Vorsitzender DIE LINKE. OV Potsdam-S\u00fcd) \u2022<\/span> Elke Zwinge (Mitglied in GEW AG Frieden)<\/i><\/span><\/p>\n<\/div>\n<p><img loading=\"lazy\" decoding=\"async\" class=\"alignnone wp-image-5677 size-full\" src=\"https:\/\/www.freidenker.org\/fw17\/wp-content\/uploads\/2018\/12\/Visual-Gelbwesten-Kundgebung-2018-fb_800x554.jpg\" alt=\"\" width=\"800\" height=\"554\" \/><\/p>\n<p><strong>Bitte verbreitet diesen Aufruf unter Freundinnen und Freunden in Mailverteilern und sozialen Netzwerken.<\/strong><\/p>\n<p><strong>Kommt zur Kundgebung \u2013 und vor allem: Tragt gelbe Westen!<\/strong><\/p>\n<div>\n<hr \/>\n<p><img loading=\"lazy\" decoding=\"async\" class=\"alignnone size-full wp-image-1076\" src=\"https:\/\/www.freidenker.org\/fw17\/wp-content\/uploads\/2017\/10\/pdf_icon-2.png\" alt=\"\" width=\"32\" height=\"32\" \/>\u00a0<a href=\"https:\/\/www.freidenker.org\/fw17\/wp-content\/uploads\/2018\/12\/Gelbwesten-Kundgebung-Fly-2018.pdf\" target=\"_blank\" rel=\"noopener\">Veranstaltungsflyer (A5) im PDF-Format<\/a> ansehen oder herunterladen von freidenker.org (ca. 637 KB)<\/p>\n<p><img loading=\"lazy\" decoding=\"async\" class=\"alignnone size-full wp-image-5672\" src=\"https:\/\/www.freidenker.org\/fw17\/wp-content\/uploads\/2018\/12\/facebook-icon_32x32.png\" alt=\"\" width=\"32\" height=\"32\" \/> Diese <a href=\"https:\/\/www.facebook.com\/events\/317115955799712\/\" target=\"_blank\" rel=\"noopener\">Veranstaltung auf Facebook<\/a> besuchen<\/p>\n<hr \/>\n<p>Bild: Veranstaltungswerbung unter Verwendung des Gem\u00e4ldes\u00a0 &#8222;Die Freiheit f\u00fchrt das Volk&#8220; von Eug\u00e8ne Delacroix (1830)<\/p>\n<\/div>\n<\/div>\n<\/div>\n<\/div>\n<\/div>\n","protected":false},"excerpt":{"rendered":"<p>&#8211; Solidarit\u00e4tskundgebung am 29. Dezember 2018 um 13.00 Uhr am Brandenburger Tor in Berlin &#8211; Aufruf Solidarit\u00e9! Solidarit\u00e4t mit den Gelbwesten! In Erw\u00e4gung, dass der Protest der Gelbwesten \u2013 der \u201eGilets jaunes\u201c \u2013 sich gegen die Superreichen und Kriegstreiber in &hellip; <a href=\"https:\/\/www.brandenburger-freidenker.de\/cms\/?p=2176\">Weiterlesen <span class=\"meta-nav\">&rarr;<\/span><\/a><\/p>\n","protected":false},"author":5,"featured_media":0,"comment_status":"closed","ping_status":"closed","sticky":false,"template":"","format":"standard","meta":{"footnotes":""},"categories":[17,58,47,440,44,8],"tags":[442,77,441,250,443,61,297],"class_list":["post-2176","post","type-post","status-publish","format-standard","hentry","category-berlin","category-demokratie","category-europa","category-frankreich","category-solidaritaet","category-termine","tag-frankreich","tag-freidenker","tag-gelebwesten","tag-kundgebung","tag-paris","tag-protest","tag-solidaritaet"],"_links":{"self":[{"href":"https:\/\/www.brandenburger-freidenker.de\/cms\/index.php?rest_route=\/wp\/v2\/posts\/2176","targetHints":{"allow":["GET"]}}],"collection":[{"href":"https:\/\/www.brandenburger-freidenker.de\/cms\/index.php?rest_route=\/wp\/v2\/posts"}],"about":[{"href":"https:\/\/www.brandenburger-freidenker.de\/cms\/index.php?rest_route=\/wp\/v2\/types\/post"}],"author":[{"embeddable":true,"href":"https:\/\/www.brandenburger-freidenker.de\/cms\/index.php?rest_route=\/wp\/v2\/users\/5"}],"replies":[{"embeddable":true,"href":"https:\/\/www.brandenburger-freidenker.de\/cms\/index.php?rest_route=%2Fwp%2Fv2%2Fcomments&post=2176"}],"version-history":[{"count":0,"href":"https:\/\/www.brandenburger-freidenker.de\/cms\/index.php?rest_route=\/wp\/v2\/posts\/2176\/revisions"}],"wp:attachment":[{"href":"https:\/\/www.brandenburger-freidenker.de\/cms\/index.php?rest_route=%2Fwp%2Fv2%2Fmedia&parent=2176"}],"wp:term":[{"taxonomy":"category","embeddable":true,"href":"https:\/\/www.brandenburger-freidenker.de\/cms\/index.php?rest_route=%2Fwp%2Fv2%2Fcategories&post=2176"},{"taxonomy":"post_tag","embeddable":true,"href":"https:\/\/www.brandenburger-freidenker.de\/cms\/index.php?rest_route=%2Fwp%2Fv2%2Ftags&post=2176"}],"curies":[{"name":"wp","href":"https:\/\/api.w.org\/{rel}","templated":true}]}}