{"id":2105,"date":"2018-05-27T19:56:52","date_gmt":"2018-05-27T17:56:52","guid":{"rendered":"http:\/\/www.brandenburger-freidenker.de\/cms\/?p=2105"},"modified":"2018-08-08T21:47:11","modified_gmt":"2018-08-08T19:47:11","slug":"7-7-2018-einladung-zur-friedensaktionskonferenz-frieden-mit-russland","status":"publish","type":"post","link":"https:\/\/www.brandenburger-freidenker.de\/cms\/?p=2105","title":{"rendered":"7.7.2018 &#8211; Einladung zur Friedensaktionskonferenz \u201eFrieden mit Russland!&#8220;"},"content":{"rendered":"<p><a href=\"https:\/\/www.brandenburger-freidenker.de\/cms\/wp-content\/uploads\/2018\/05\/Flyer-FAK-2018-ansicht.jpg\"><img loading=\"lazy\" decoding=\"async\" class=\"alignnone wp-image-2109\" src=\"https:\/\/www.brandenburger-freidenker.de\/cms\/wp-content\/uploads\/2018\/05\/Flyer-FAK-2018-ansicht-722x1024.jpg\" alt=\"\" width=\"423\" height=\"600\" srcset=\"https:\/\/www.brandenburger-freidenker.de\/cms\/wp-content\/uploads\/2018\/05\/Flyer-FAK-2018-ansicht-722x1024.jpg 722w, https:\/\/www.brandenburger-freidenker.de\/cms\/wp-content\/uploads\/2018\/05\/Flyer-FAK-2018-ansicht-211x300.jpg 211w, https:\/\/www.brandenburger-freidenker.de\/cms\/wp-content\/uploads\/2018\/05\/Flyer-FAK-2018-ansicht-768x1090.jpg 768w, https:\/\/www.brandenburger-freidenker.de\/cms\/wp-content\/uploads\/2018\/05\/Flyer-FAK-2018-ansicht-106x150.jpg 106w, https:\/\/www.brandenburger-freidenker.de\/cms\/wp-content\/uploads\/2018\/05\/Flyer-FAK-2018-ansicht.jpg 874w\" sizes=\"auto, (max-width: 423px) 100vw, 423px\" \/><\/a><\/p>\n<p><strong>NEIN!<br \/>\n\u00bb zu Aufr\u00fcstung!<br \/>\n\u00bb zu Atomwaffen!<br \/>\n\u00bb zu US-Truppentransporten durch Brandenburg!<br \/>\n\u00bb zur NATO-Aggression!<\/strong><\/p>\n<p>Wir leben in Zeiten \u2026<\/p>\n<p>\u2026 in denen die Presse von einer \u201eOstfront\u201c spricht, f\u00fcr die Bundeswehrsoldaten ausreichend ausger\u00fcstet sein m\u00fcssten.<\/p>\n<p>\u2026 in denen US-Atomwaffen in Deutschland aufger\u00fcstet werden und Panzer wieder gen Osten Richtung russische Grenze rollen \u2013 auch durch Brandenburg.<\/p>\n<p>\u2026 in denen eine Bundesregierung plant, den Verteidigungsetat nach NATO-Vorgaben innerhalb weniger Jahre auf \u00fcber 70 Mrd. \u20ac zu verdoppeln.<\/p>\n<p>In diesen Zeiten ist es notwendig, dass alle friedensliebenden Menschen sich hierzulande zusammenschlie\u00dfen, um laut und deutlich zu sagen: Wir machen Eure Kriege nicht mit \u2013 wir widersetzen uns der NATO-Aufr\u00fcstung und -Kriegspropaganda gegen Russland! Wir wenden uns gegen eine Politik der Bundesregierung, die die Kriegsgefahr in Europa anwachsen l\u00e4sst \u2013 und eine Politik, von der einzig und allein eine kleine Minderheit von Superreichen profitiert, die mit der R\u00fcstungsproduktion und Unterdr\u00fcckung fremder V\u00f6lker ihre Profite sichert.<\/p>\n<p>Deshalb l\u00e4dt die Deutsche Kommunistische Partei Potsdam &amp; Umland und eine Reihe Unterst\u00fctzer zu einer Friedens-Aktionskonferenz unter dem Motto \u201eFrieden mit Russland \u2013 NEIN zur NATO-Aggression!\u201c ein. Wir sind der Meinung: Wir m\u00fcssen uns in Brandenburg vernetzen, gemeinsam diskutieren und widersetzen.<\/p>\n<p><!--more--><\/p>\n<p><strong>Konferenzprogramm<\/strong><\/p>\n<p>Vortrag und Diskussion zu folgenden Themen:<\/p>\n<p><strong>Gegen die \u201eNATO-Ostfront\u201c \u2013 raus aus der NATO!<\/strong><br \/>\nReferent: Klaus Hartmann, Vorsitzender Deutscher Freidenker-Verband e.V.<\/p>\n<p><strong>NEIN zu Atomwaffen \u2013 JA zum Atomwaffenverbot!<\/strong><br \/>\nHauptreferentin: Prof. Dr. Helga H\u00f6rz, Philosophin<br \/>\nKoreferenten: Dr. Hans-Peter Jung, Vertreter der IPPNW Brandenburg, Anne Balzer, ICAN Germany<\/p>\n<p><strong>Die konstruktive Au\u00dfenpolitik Russlands<\/strong><br \/>\nReferent: Prof. Dr. Anton Latzo, Historiker<\/p>\n<p><strong>Die Rolle Russlands in Syrien<\/strong><br \/>\nReferentin: Karin Leukefeld, freie Journalistin, Buchautorin und Nahost-Korrespondentin<\/p>\n<p>Podiumsdiskussion zum Thema:<br \/>\n<strong>Was tun in Brandenburg f\u00fcr den Frieden!?<\/strong><\/p>\n<p>Auf dem Podium sitzen (Stand 13. Mai 2018):<\/p>\n<ul>\n<li>Anne Balzer, ICAN Germany<\/li>\n<li>Horst J\u00e4kel, Friedenskoordination Potsdam<\/li>\n<li>Stefanie K\u00f6nig, Vorsitzende DKP Potsdam<\/li>\n<li>Bernd Lachmann, stellvertr. Vorsitzender DIE LINKE Potsdam-Mittelmark<\/li>\n<li>Ralf Lux, Vorsitzender Brandenburgischer Freidenker-Verband e.V.<\/li>\n<\/ul>\n<p><strong>Friedens- und Kampflieder zum 120. Geburtstag von Hanns Eisler<\/strong><br \/>\nGesang und Klavier: Klaus Linder<\/p>\n<p><strong>Samstag, 7. Juli 2018<\/strong><br \/>\n<strong>11.00 \u2013 18.00 Uhr (Einlass: 10.30 Uhr)<\/strong><br \/>\n<strong>B\u00fcrgerhaus am Schlaatz<\/strong><br \/>\nSchilfhof 28, 14478 Potsdam<br \/>\nWeitere Infos zur Anfahrt: <a href=\"http:\/\/www.buergerhaus-schlaatz.de\/service\/16-anfahrt-zum-buergerhaus-am-schlaatz\" target=\"_blank\" rel=\"noopener\">http:\/\/www.buergerhaus-schlaatz.de\/service\/16-anfahrt-zum-buergerhaus-am-schlaatz<\/a><\/p>\n<p><strong>Eintritt frei \u2013 um Spenden wird gebeten!<\/strong><\/p>\n<p><strong>Veranstalter:<\/strong> Deutsche Kommunistische Partei Potsdam &amp; Umland<\/p>\n<p><strong>Unterst\u00fctzer der Konferenz:<\/strong> Brandenburgischer Freidenker-Verband e.V., Deutsch-Chinesischer Freundschafts\u00adverein Ludwigsfelde e.V., DIE LINKE Kreisverband Potsdam, DIE LINKE Kreisverband Potsdam-Mittelmark, Friedenskoordination Potsdam, GBM e.V. Potsdam, IPPNW Brandenburg, RotFuchs-F\u00f6rderverein e.V. Regionalgruppe Potsdam<\/p>\n<p>Kontakt und Presseanfragen: <a href=\"mailto:post@dkp-potsdam.info\">post@dkp-potsdam.info<\/a><br \/>\nInfo: <a href=\"https:\/\/facebook.com\/dkppotsdam\" target=\"_blank\" rel=\"noopener\">https:\/\/facebook.com\/dkppotsdam<\/a><\/p>\n<p>Weitere Informationen entnehmt bitte dem <a href=\"https:\/\/www.brandenburger-freidenker.de\/cms\/wp-content\/uploads\/2018\/05\/Flyer-FAK-2018-ansicht.pdf\" target=\"_blank\" rel=\"noopener\">Informationsflyer<\/a>\u00a0(PDF-Dokument).<\/p>\n","protected":false},"excerpt":{"rendered":"<p>NEIN! \u00bb zu Aufr\u00fcstung! \u00bb zu Atomwaffen! \u00bb zu US-Truppentransporten durch Brandenburg! \u00bb zur NATO-Aggression! Wir leben in Zeiten \u2026 \u2026 in denen die Presse von einer \u201eOstfront\u201c spricht, f\u00fcr die Bundeswehrsoldaten ausreichend ausger\u00fcstet sein m\u00fcssten. \u2026 in denen US-Atomwaffen &hellip; <a href=\"https:\/\/www.brandenburger-freidenker.de\/cms\/?p=2105\">Weiterlesen <span class=\"meta-nav\">&rarr;<\/span><\/a><\/p>\n","protected":false},"author":5,"featured_media":0,"comment_status":"closed","ping_status":"closed","sticky":false,"template":"","format":"standard","meta":{"footnotes":""},"categories":[30,57,8],"tags":[293,306,284],"class_list":["post-2105","post","type-post","status-publish","format-standard","hentry","category-friedensaktion","category-friedensbewegung","category-termine","tag-friedensaktion","tag-friedensbewegung","tag-potsdam"],"_links":{"self":[{"href":"https:\/\/www.brandenburger-freidenker.de\/cms\/index.php?rest_route=\/wp\/v2\/posts\/2105","targetHints":{"allow":["GET"]}}],"collection":[{"href":"https:\/\/www.brandenburger-freidenker.de\/cms\/index.php?rest_route=\/wp\/v2\/posts"}],"about":[{"href":"https:\/\/www.brandenburger-freidenker.de\/cms\/index.php?rest_route=\/wp\/v2\/types\/post"}],"author":[{"embeddable":true,"href":"https:\/\/www.brandenburger-freidenker.de\/cms\/index.php?rest_route=\/wp\/v2\/users\/5"}],"replies":[{"embeddable":true,"href":"https:\/\/www.brandenburger-freidenker.de\/cms\/index.php?rest_route=%2Fwp%2Fv2%2Fcomments&post=2105"}],"version-history":[{"count":0,"href":"https:\/\/www.brandenburger-freidenker.de\/cms\/index.php?rest_route=\/wp\/v2\/posts\/2105\/revisions"}],"wp:attachment":[{"href":"https:\/\/www.brandenburger-freidenker.de\/cms\/index.php?rest_route=%2Fwp%2Fv2%2Fmedia&parent=2105"}],"wp:term":[{"taxonomy":"category","embeddable":true,"href":"https:\/\/www.brandenburger-freidenker.de\/cms\/index.php?rest_route=%2Fwp%2Fv2%2Fcategories&post=2105"},{"taxonomy":"post_tag","embeddable":true,"href":"https:\/\/www.brandenburger-freidenker.de\/cms\/index.php?rest_route=%2Fwp%2Fv2%2Ftags&post=2105"}],"curies":[{"name":"wp","href":"https:\/\/api.w.org\/{rel}","templated":true}]}}