{"id":1967,"date":"2017-11-28T22:30:13","date_gmt":"2017-11-28T21:30:13","guid":{"rendered":"http:\/\/www.brandenburger-freidenker.de\/cms\/?p=1967"},"modified":"2019-03-29T07:54:07","modified_gmt":"2019-03-29T06:54:07","slug":"07-12-2017-hommage-a-gisela-may","status":"publish","type":"post","link":"https:\/\/www.brandenburger-freidenker.de\/cms\/?p=1967","title":{"rendered":"Absage: 07.12.2017 &#8211; Hommage \u00e0 Gisela May"},"content":{"rendered":"<p style=\"text-align: center;\"><strong><span style=\"color: #ff0000;\">Die geplante Veranstaltung &#8222;Hommage \u00e0 Gisela May&#8220; am 07.12.2017 um 19:00 Uhr im Club Charlotte muss wegen Erkrankung der K\u00fcnstlerin Johanna Arndt leider ausfallen. Wir bedauern das sehr und bitten vielmals um Entschuldigung. <\/span><span style=\"color: #ff0000;\">Wir planen, die Veranstaltung im 1. Quartal 2018 nachzuholen.<\/span><\/strong><\/p>\n<p><img loading=\"lazy\" decoding=\"async\" class=\"alignnone wp-image-1990 size-large\" src=\"https:\/\/www.brandenburger-freidenker.de\/cms\/wp-content\/uploads\/2017\/12\/Absage_Gisela_May-724x1024.jpg\" alt=\"\" width=\"724\" height=\"1024\" srcset=\"https:\/\/www.brandenburger-freidenker.de\/cms\/wp-content\/uploads\/2017\/12\/Absage_Gisela_May-724x1024.jpg 724w, https:\/\/www.brandenburger-freidenker.de\/cms\/wp-content\/uploads\/2017\/12\/Absage_Gisela_May-212x300.jpg 212w, https:\/\/www.brandenburger-freidenker.de\/cms\/wp-content\/uploads\/2017\/12\/Absage_Gisela_May-768x1086.jpg 768w, https:\/\/www.brandenburger-freidenker.de\/cms\/wp-content\/uploads\/2017\/12\/Absage_Gisela_May-106x150.jpg 106w, https:\/\/www.brandenburger-freidenker.de\/cms\/wp-content\/uploads\/2017\/12\/Absage_Gisela_May.jpg 1240w\" sizes=\"auto, (max-width: 724px) 100vw, 724px\" \/><\/p>\n<p><del>Der Brandenburgische Freidenker-Verband l\u00e4dt ein zu einer musikalischen<\/del><\/p>\n<h3><del><span style=\"color: #0000ff;\"><strong>Hommage \u00e0 Gisela May<\/strong><\/span><\/del><\/h3>\n<p><del><strong>Song, Chanson, politisches Lied, Musical, Biographisches, Ausz\u00fcge aus ihren B\u00fcchern, Interview, Berichte \u00fcber Theaterarbeit und eine Weltkarriere als Solointerpretin<\/strong><\/del><\/p>\n<p><del><strong>Einspiel der Stimme von Gisela May via CD<\/strong><\/del><\/p>\n<p><del>Konzeption, Wort und Gesang:<\/del><br \/>\n<del> <span style=\"color: #000080;\"><strong>Johanna Arndt<\/strong><\/span><\/del><\/p>\n<p><del>Klavierbegleitung:<\/del><br \/>\n<del> <span style=\"color: #000080;\"><strong>Christiane Obermann<\/strong><\/span><\/del><\/p>\n<p><del><span style=\"color: #ff0000;\"><strong>Donnerstag, 7. Dezember 2017, 19.00 Uhr<\/strong><\/span><\/del><\/p>\n<p><del><span style=\"color: #ff0000;\"><strong>Einlass: 18:30 Uhr | Eintritt: 10,00 \u20ac<\/strong><\/span><\/del><\/p>\n<p><del><span style=\"color: #ff0000;\"><strong>Club Charlotte<\/strong><\/span><\/del><br \/>\n<del> (im Haus des \u201ePotsdamer Kabarett Obelisk\u201c),<\/del><br \/>\n<del> Charlottenstr. 31, 14467 Potsdam<\/del><\/p>\n","protected":false},"excerpt":{"rendered":"<p>Die geplante Veranstaltung &#8222;Hommage \u00e0 Gisela May&#8220; am 07.12.2017 um 19:00 Uhr im Club Charlotte muss wegen Erkrankung der K\u00fcnstlerin Johanna Arndt leider ausfallen. Wir bedauern das sehr und bitten vielmals um Entschuldigung. Wir planen, die Veranstaltung im 1. Quartal &hellip; <a href=\"https:\/\/www.brandenburger-freidenker.de\/cms\/?p=1967\">Weiterlesen <span class=\"meta-nav\">&rarr;<\/span><\/a><\/p>\n","protected":false},"author":5,"featured_media":0,"comment_status":"closed","ping_status":"closed","sticky":false,"template":"","format":"standard","meta":{"footnotes":""},"categories":[46,385,23,22,14,8],"tags":[407,77,405,408,89,284],"class_list":["post-1967","post","type-post","status-publish","format-standard","hentry","category-brandenburg","category-dfv-brandenburg","category-kultur","category-musik","category-potsdam","category-termine","tag-club-charlotte","tag-freidenker","tag-gisela-may","tag-hommage-a-gisela-may","tag-johanna-arndt","tag-potsdam"],"_links":{"self":[{"href":"https:\/\/www.brandenburger-freidenker.de\/cms\/index.php?rest_route=\/wp\/v2\/posts\/1967","targetHints":{"allow":["GET"]}}],"collection":[{"href":"https:\/\/www.brandenburger-freidenker.de\/cms\/index.php?rest_route=\/wp\/v2\/posts"}],"about":[{"href":"https:\/\/www.brandenburger-freidenker.de\/cms\/index.php?rest_route=\/wp\/v2\/types\/post"}],"author":[{"embeddable":true,"href":"https:\/\/www.brandenburger-freidenker.de\/cms\/index.php?rest_route=\/wp\/v2\/users\/5"}],"replies":[{"embeddable":true,"href":"https:\/\/www.brandenburger-freidenker.de\/cms\/index.php?rest_route=%2Fwp%2Fv2%2Fcomments&post=1967"}],"version-history":[{"count":1,"href":"https:\/\/www.brandenburger-freidenker.de\/cms\/index.php?rest_route=\/wp\/v2\/posts\/1967\/revisions"}],"predecessor-version":[{"id":2225,"href":"https:\/\/www.brandenburger-freidenker.de\/cms\/index.php?rest_route=\/wp\/v2\/posts\/1967\/revisions\/2225"}],"wp:attachment":[{"href":"https:\/\/www.brandenburger-freidenker.de\/cms\/index.php?rest_route=%2Fwp%2Fv2%2Fmedia&parent=1967"}],"wp:term":[{"taxonomy":"category","embeddable":true,"href":"https:\/\/www.brandenburger-freidenker.de\/cms\/index.php?rest_route=%2Fwp%2Fv2%2Fcategories&post=1967"},{"taxonomy":"post_tag","embeddable":true,"href":"https:\/\/www.brandenburger-freidenker.de\/cms\/index.php?rest_route=%2Fwp%2Fv2%2Ftags&post=1967"}],"curies":[{"name":"wp","href":"https:\/\/api.w.org\/{rel}","templated":true}]}}