{"id":1953,"date":"2017-10-24T23:00:29","date_gmt":"2017-10-24T21:00:29","guid":{"rendered":"http:\/\/www.brandenburger-freidenker.de\/cms\/?p=1953"},"modified":"2019-03-29T07:55:43","modified_gmt":"2019-03-29T06:55:43","slug":"nachruf-auf-karl-wild","status":"publish","type":"post","link":"https:\/\/www.brandenburger-freidenker.de\/cms\/?p=1953","title":{"rendered":"Nachruf auf Karl Wild"},"content":{"rendered":"<p><img loading=\"lazy\" decoding=\"async\" class=\"alignnone size-full wp-image-1954\" src=\"https:\/\/www.brandenburger-freidenker.de\/cms\/wp-content\/uploads\/2017\/10\/Karl-nekrolog.jpg\" alt=\"Karl Wild Nekrolog\" width=\"321\" height=\"481\" srcset=\"https:\/\/www.brandenburger-freidenker.de\/cms\/wp-content\/uploads\/2017\/10\/Karl-nekrolog.jpg 321w, https:\/\/www.brandenburger-freidenker.de\/cms\/wp-content\/uploads\/2017\/10\/Karl-nekrolog-200x300.jpg 200w, https:\/\/www.brandenburger-freidenker.de\/cms\/wp-content\/uploads\/2017\/10\/Karl-nekrolog-100x150.jpg 100w\" sizes=\"auto, (max-width: 321px) 100vw, 321px\" \/><\/p>\n<p><strong>Karl Wild<\/strong>, geboren 1954 in Ingolstadt, studierte Betriebswirtschaft und Politologie in Regensburg und Berlin und war von 1986 bis 1990 wissenschaftlicher Mitarbeiter am Otto-Suhr-Institut mit dem Schwerpunkt Marxistische \u00d6konomie. In dieser Zeit war er auch Gaststudent am Philosophischen Institut der FU Berlin bei Prof. Wofgang Fritz Haug, bei dem er mehrere Semester Tutor seiner Kapitalkurse war.<br \/>\nDiese Zeit hat ihn nachhaltig gepr\u00e4gt. Nachdem er aus gesundheitlichen Gr\u00fcnden fr\u00fch aus dem Arbeitsleben geworfen wurde, suchte er weiterhin M\u00f6glichkeiten, sein enormes historisches, \u00f6konomisches und politisches Wissen anzuwenden. Dies tat er einerseits als Mitstreiter in Parteien, Verb\u00e4nden und Organisationen, denen er angeh\u00f6rte, darunter der DKP, sp\u00e4ter der Partei DIE LINKE, dem Deutschen Freidenker-Verband, dessen Mitglied er seit 2002 war, sowie der Potsdamer Friedenskoordination, zu deren Mitbegr\u00fcndern er geh\u00f6rte.<br \/>\nZum anderen entwickelte er eine umfangreiche publizistische T\u00e4tigkeit. Von 2003 bis 2009 existierte sein Blog debatte.info, fortgef\u00fchrt von 2010 bis 2012 als kwx-potsdam.de. Seit 2014 gab es seinen neuen Blog <a href=\"http:\/\/projekt3kw.wordpress.com\" target=\"_blank\" rel=\"noopener noreferrer\">projekt3kw.wordpress.com<\/a>. Einen Gro\u00dfteil seiner Artikel hat er auch in diversen Freidenker-Publikationen sowie in einer Brosch\u00fcrenreihe im Selbstverlag ver\u00f6ffentlicht.<br \/>\n\u201eKritischer Marxismus&#8220; bedeutete f\u00fcr Karl nicht \u201eKritik am Marxismus&#8220;. Sein Anspruch war die kritische Anwendung der Gedanken von Marx und Engels auf heutige Fragestellungen. Dass es davon genug gibt, zeigten auch immer wieder die Potsdamer Freidenker-Runden, an denen Karl mehr als 15 Jahre lang teilnahm und in die er sich aktiv einbrachte.<br \/>\nWir kannten Karl als energischen und \u2013 manchmal im wahrsten Sinne des Wortes \u2013 streitbaren Zeitgenossen. Ja, es war nicht immer einfach mit ihm. Mit fortschreitender Krankheit wurde er knurriger und anstrengender. Aber, wenn er in unseren Diskussionen etwas sagte, hatte er doch immer noch tats\u00e4chlich etwas zu sagen, etwas, wor\u00fcber nach- oder weiterzudenken lohnte.<\/p>\n<p>Nach langer schwerer Krankheit ist Karl am 23. Oktober 2017 von seinen stetig zunehmenden Leiden erl\u00f6st worden. Er wird uns fehlen.<\/p>\n<p>Ralf Lux<br \/>\nVorsitzender des Brandenburgischen Freidenker-Verbandes<\/p>\n","protected":false},"excerpt":{"rendered":"<p>Karl Wild, geboren 1954 in Ingolstadt, studierte Betriebswirtschaft und Politologie in Regensburg und Berlin und war von 1986 bis 1990 wissenschaftlicher Mitarbeiter am Otto-Suhr-Institut mit dem Schwerpunkt Marxistische \u00d6konomie. In dieser Zeit war er auch Gaststudent am Philosophischen Institut der &hellip; <a href=\"https:\/\/www.brandenburger-freidenker.de\/cms\/?p=1953\">Weiterlesen <span class=\"meta-nav\">&rarr;<\/span><\/a><\/p>\n","protected":false},"author":5,"featured_media":0,"comment_status":"closed","ping_status":"closed","sticky":false,"template":"","format":"standard","meta":{"footnotes":""},"categories":[385,6],"tags":[77,403,404],"class_list":["post-1953","post","type-post","status-publish","format-standard","hentry","category-dfv-brandenburg","category-mitglieder","tag-freidenker","tag-karl-wild","tag-nachruf"],"_links":{"self":[{"href":"https:\/\/www.brandenburger-freidenker.de\/cms\/index.php?rest_route=\/wp\/v2\/posts\/1953","targetHints":{"allow":["GET"]}}],"collection":[{"href":"https:\/\/www.brandenburger-freidenker.de\/cms\/index.php?rest_route=\/wp\/v2\/posts"}],"about":[{"href":"https:\/\/www.brandenburger-freidenker.de\/cms\/index.php?rest_route=\/wp\/v2\/types\/post"}],"author":[{"embeddable":true,"href":"https:\/\/www.brandenburger-freidenker.de\/cms\/index.php?rest_route=\/wp\/v2\/users\/5"}],"replies":[{"embeddable":true,"href":"https:\/\/www.brandenburger-freidenker.de\/cms\/index.php?rest_route=%2Fwp%2Fv2%2Fcomments&post=1953"}],"version-history":[{"count":1,"href":"https:\/\/www.brandenburger-freidenker.de\/cms\/index.php?rest_route=\/wp\/v2\/posts\/1953\/revisions"}],"predecessor-version":[{"id":2227,"href":"https:\/\/www.brandenburger-freidenker.de\/cms\/index.php?rest_route=\/wp\/v2\/posts\/1953\/revisions\/2227"}],"wp:attachment":[{"href":"https:\/\/www.brandenburger-freidenker.de\/cms\/index.php?rest_route=%2Fwp%2Fv2%2Fmedia&parent=1953"}],"wp:term":[{"taxonomy":"category","embeddable":true,"href":"https:\/\/www.brandenburger-freidenker.de\/cms\/index.php?rest_route=%2Fwp%2Fv2%2Fcategories&post=1953"},{"taxonomy":"post_tag","embeddable":true,"href":"https:\/\/www.brandenburger-freidenker.de\/cms\/index.php?rest_route=%2Fwp%2Fv2%2Ftags&post=1953"}],"curies":[{"name":"wp","href":"https:\/\/api.w.org\/{rel}","templated":true}]}}