{"id":1873,"date":"2017-04-21T20:00:28","date_gmt":"2017-04-21T18:00:28","guid":{"rendered":"http:\/\/www.brandenburger-freidenker.de\/cms\/?p=1873"},"modified":"2019-03-29T07:55:44","modified_gmt":"2019-03-29T06:55:44","slug":"maifeier-2017-wir-freidenker-sind-dabei","status":"publish","type":"post","link":"https:\/\/www.brandenburger-freidenker.de\/cms\/?p=1873","title":{"rendered":"Potsdamer Maifeier 2017 &#8211; Wir Freidenker sind dabei &#8230;"},"content":{"rendered":"<div id=\"attachment_1875\" style=\"width: 510px\" class=\"wp-caption alignnone\"><a href=\"http:\/\/mark-brandenburg.dgb.de\/themen\/++co++d88c6472-25b5-11e7-962a-525400e5a74a\" target=\"_blank\" rel=\"noopener noreferrer\"><img loading=\"lazy\" decoding=\"async\" aria-describedby=\"caption-attachment-1875\" class=\"wp-image-1875 size-full\" src=\"https:\/\/www.brandenburger-freidenker.de\/cms\/wp-content\/uploads\/2017\/04\/Plakat_1_Mai_2017_Potsdam_V04-klein.jpg\" alt=\"\" width=\"500\" height=\"707\" srcset=\"https:\/\/www.brandenburger-freidenker.de\/cms\/wp-content\/uploads\/2017\/04\/Plakat_1_Mai_2017_Potsdam_V04-klein.jpg 500w, https:\/\/www.brandenburger-freidenker.de\/cms\/wp-content\/uploads\/2017\/04\/Plakat_1_Mai_2017_Potsdam_V04-klein-212x300.jpg 212w, https:\/\/www.brandenburger-freidenker.de\/cms\/wp-content\/uploads\/2017\/04\/Plakat_1_Mai_2017_Potsdam_V04-klein-106x150.jpg 106w\" sizes=\"auto, (max-width: 500px) 100vw, 500px\" \/><\/a><\/p>\n<p id=\"caption-attachment-1875\" class=\"wp-caption-text\">Maifeier 2017 in Potsdam<\/p>\n<\/div>\n<p><strong>Die Brandenburger Freidenkerinnen und Freidenker sind wieder mit einem Infostand bei der traditionellen Maifeier der LINKEN am Alten Markt in Potsdam dabei.<\/strong><\/p>\n<p>Wir unterst\u00fctzen die Forderungen des Deutschen Gewerkschaftsbundes und der LINKEN nach besseren Lebens- und Arbeitsbedingungen f\u00fcr ALLE Menschen.<!--more--><\/p>\n<ul>\n<li><strong><a href=\"http:\/\/mark-brandenburg.dgb.de\/themen\/++co++d88c6472-25b5-11e7-962a-525400e5a74a\" target=\"_blank\" rel=\"noopener noreferrer\">Aufruf des DGBs zum 1. Mai<\/a><\/strong><\/li>\n<\/ul>\n<div id=\"attachment_1877\" style=\"width: 510px\" class=\"wp-caption alignnone\"><a href=\"http:\/\/www.dielinke-potsdam.de\/\" target=\"_blank\" rel=\"noopener noreferrer\"><img loading=\"lazy\" decoding=\"async\" aria-describedby=\"caption-attachment-1877\" class=\"wp-image-1877 size-full\" src=\"https:\/\/www.brandenburger-freidenker.de\/cms\/wp-content\/uploads\/2017\/04\/LinkePV_Maifeier2017-klein.jpg\" alt=\"\" width=\"500\" height=\"708\" srcset=\"https:\/\/www.brandenburger-freidenker.de\/cms\/wp-content\/uploads\/2017\/04\/LinkePV_Maifeier2017-klein.jpg 500w, https:\/\/www.brandenburger-freidenker.de\/cms\/wp-content\/uploads\/2017\/04\/LinkePV_Maifeier2017-klein-212x300.jpg 212w, https:\/\/www.brandenburger-freidenker.de\/cms\/wp-content\/uploads\/2017\/04\/LinkePV_Maifeier2017-klein-106x150.jpg 106w\" sizes=\"auto, (max-width: 500px) 100vw, 500px\" \/><\/a><\/p>\n<p id=\"caption-attachment-1877\" class=\"wp-caption-text\">Maifeier 2017 in Potsdam<\/p>\n<\/div>\n<blockquote><p>Millionen Menschen in Deutschland w\u00fcnschen sich bessere L\u00f6hne, sichere Arbeitspl\u00e4tze, weniger Stress und Arbeitszeiten, die mit dem Leben mit Kindern, Familie und Freundschaften vereinbar sind. Eigentlich Selbstverst\u00e4ndlichkeiten.\u00a0 Aber Viele arbeiten bis zur Ersch\u00f6pfung und kommen doch mit ihrem Lohn kaum bis zum Monatsende \u00fcber die Runden. Sorgen um den Arbeitsplatz und die berufliche Zukunft, Dauerstress und belastende Arbeitszeiten machen krank. Die Politik der Gro\u00dfen Koalition hat daran kaum etwas ge\u00e4ndert. Wenn sich in der Arbeitswelt und in der Rentenpolitik nicht gr\u00fcndlich etwas \u00e4ndert, wird in Zukunft die Mehrheit der Frauen und jeder zweite Besch\u00e4ftigte f\u00fcr die Anstrengungen in der Arbeit mit Renten unterhalb der Armutsgrenze \u201ebelohnt\u201c. Immer mehr Menschen m\u00fcssen sich verschulden, um die Pflegekosten f\u00fcr sich oder Angeh\u00f6rige tragen zu k\u00f6nnen. Es ist nicht gerecht, wenn eine Familie mit zwei Durchschnittsverdienenden 50 Prozent ihres Einkommens f\u00fcr die Miete zahlt. Im Jahr der Bundestagswahl haben die zahlreichen Demonstrationen zum 1.Mai eine besondere Bedeutung.<\/p>\n<p><em>Quelle: <a href=\"http:\/\/www.dielinke-potsdam.de\/\" target=\"_blank\" rel=\"noopener noreferrer\">http:\/\/www.dielinke-potsdam.de\/<\/a><\/em><\/p><\/blockquote>\n<p>&nbsp;<\/p>\n","protected":false},"excerpt":{"rendered":"<p>Die Brandenburger Freidenkerinnen und Freidenker sind wieder mit einem Infostand bei der traditionellen Maifeier der LINKEN am Alten Markt in Potsdam dabei. Wir unterst\u00fctzen die Forderungen des Deutschen Gewerkschaftsbundes und der LINKEN nach besseren Lebens- und Arbeitsbedingungen f\u00fcr ALLE Menschen.<\/p>\n","protected":false},"author":5,"featured_media":0,"comment_status":"closed","ping_status":"closed","sticky":false,"template":"","format":"standard","meta":{"footnotes":""},"categories":[46,385,337,276,344,48,14,44,8],"tags":[389,77,131,284],"class_list":["post-1873","post","type-post","status-publish","format-standard","hentry","category-brandenburg","category-dfv-brandenburg","category-dgb","category-linke","category-linke-potsdam","category-politik","category-potsdam","category-solidaritaet","category-termine","tag-389","tag-freidenker","tag-maifeier","tag-potsdam"],"_links":{"self":[{"href":"https:\/\/www.brandenburger-freidenker.de\/cms\/index.php?rest_route=\/wp\/v2\/posts\/1873","targetHints":{"allow":["GET"]}}],"collection":[{"href":"https:\/\/www.brandenburger-freidenker.de\/cms\/index.php?rest_route=\/wp\/v2\/posts"}],"about":[{"href":"https:\/\/www.brandenburger-freidenker.de\/cms\/index.php?rest_route=\/wp\/v2\/types\/post"}],"author":[{"embeddable":true,"href":"https:\/\/www.brandenburger-freidenker.de\/cms\/index.php?rest_route=\/wp\/v2\/users\/5"}],"replies":[{"embeddable":true,"href":"https:\/\/www.brandenburger-freidenker.de\/cms\/index.php?rest_route=%2Fwp%2Fv2%2Fcomments&post=1873"}],"version-history":[{"count":1,"href":"https:\/\/www.brandenburger-freidenker.de\/cms\/index.php?rest_route=\/wp\/v2\/posts\/1873\/revisions"}],"predecessor-version":[{"id":2234,"href":"https:\/\/www.brandenburger-freidenker.de\/cms\/index.php?rest_route=\/wp\/v2\/posts\/1873\/revisions\/2234"}],"wp:attachment":[{"href":"https:\/\/www.brandenburger-freidenker.de\/cms\/index.php?rest_route=%2Fwp%2Fv2%2Fmedia&parent=1873"}],"wp:term":[{"taxonomy":"category","embeddable":true,"href":"https:\/\/www.brandenburger-freidenker.de\/cms\/index.php?rest_route=%2Fwp%2Fv2%2Fcategories&post=1873"},{"taxonomy":"post_tag","embeddable":true,"href":"https:\/\/www.brandenburger-freidenker.de\/cms\/index.php?rest_route=%2Fwp%2Fv2%2Ftags&post=1873"}],"curies":[{"name":"wp","href":"https:\/\/api.w.org\/{rel}","templated":true}]}}