{"id":1711,"date":"2016-04-30T06:00:58","date_gmt":"2016-04-30T04:00:58","guid":{"rendered":"http:\/\/www.brandenburger-freidenker.de\/cms\/?p=1711"},"modified":"2019-03-29T07:56:27","modified_gmt":"2019-03-29T06:56:27","slug":"1-5-2016-maifeier-in-potsdam","status":"publish","type":"post","link":"https:\/\/www.brandenburger-freidenker.de\/cms\/?p=1711","title":{"rendered":"1.5.2016 &#8211; Maifeier in Potsdam"},"content":{"rendered":"<div id=\"attachment_1742\" style=\"width: 310px\" class=\"wp-caption alignnone\"><a href=\"http:\/\/www.dgb.de\/1-mai-2016\" target=\"_blank\" rel=\"noopener noreferrer\"><img loading=\"lazy\" decoding=\"async\" aria-describedby=\"caption-attachment-1742\" class=\"wp-image-1742 size-medium\" src=\"https:\/\/www.brandenburger-freidenker.de\/cms\/wp-content\/uploads\/2016\/04\/dgb-erstermai2016-300x100.jpg\" alt=\"DGB erster Mai 2016\" width=\"300\" height=\"100\" srcset=\"https:\/\/www.brandenburger-freidenker.de\/cms\/wp-content\/uploads\/2016\/04\/dgb-erstermai2016-300x100.jpg 300w, https:\/\/www.brandenburger-freidenker.de\/cms\/wp-content\/uploads\/2016\/04\/dgb-erstermai2016-768x256.jpg 768w, https:\/\/www.brandenburger-freidenker.de\/cms\/wp-content\/uploads\/2016\/04\/dgb-erstermai2016-150x50.jpg 150w, https:\/\/www.brandenburger-freidenker.de\/cms\/wp-content\/uploads\/2016\/04\/dgb-erstermai2016.jpg 972w\" sizes=\"auto, (max-width: 300px) 100vw, 300px\" \/><\/a><\/p>\n<p id=\"caption-attachment-1742\" class=\"wp-caption-text\"><strong>DGB erster Mai 2016<\/strong>, Quelle: <a href=\"http:\/\/www.dgb.de\/1-mai-2016\" target=\"_blank\" rel=\"noopener noreferrer\">http:\/\/www.dgb.de\/1-mai-2016<\/a><\/p>\n<\/div>\n<p>Die Brandenburger Freidenker sind zur Maifeier 2016 in Potsdam wieder mit einem Informationsstand vertreten. \u00a0Sehen wir uns dort?<\/p>\n<p>Weiterf\u00fchrende Veranstaltungsinformationen erhaltet Ihr unter anderem auf der <a href=\"https:\/\/www.facebook.com\/events\/1591244874526723\/\" target=\"_blank\" rel=\"noopener noreferrer\">Veranstaltungs-Facebookseite zur Maifeier in Potsdam<\/a>, auf der <a href=\"http:\/\/mark-brandenburg.dgb.de\/themen\/++co++2cf25ff6-fa67-11e5-b274-52540023ef1a\" target=\"_blank\" rel=\"noopener noreferrer\">Webseite des DGB Mark Brandenburg<\/a> bzw. auf der <a href=\"http:\/\/dielinke-potsdam.de\/\" target=\"_blank\" rel=\"noopener noreferrer\">Webseite der LINKEN Potsdam<\/a>.<\/p>\n<p><!--more--><\/p>\n<p>Hier die Veranstaltungs\u00fcbersicht (Quelle: <a href=\"https:\/\/www.facebook.com\/events\/1591244874526723\/\" target=\"_blank\" rel=\"noopener noreferrer\">FB-Seite<\/a>):<\/p>\n<p style=\"padding-left: 30px;\">&#8222;Die DGB-Region Mark Brandenburg sowie SPD, Die Linke und B\u00fcndnis 90\/Die Gr\u00fcnen laden euch recht herzlich ein, mit ihnen zusammen den 1. Mai in Potsdam geb\u00fchrend zu feiern.<\/p>\n<p>Los gehts um 10.00 Uhr am Platz der Einheit in Potsdam mit der traditionellen Mai-Demonstration, die zum Alten Markt f\u00fchrt. Ab 11.00 Uhr findet dort die Potsdamer Maikundgebung statt, auf der der DGB-Regionsgesch\u00e4ftsf\u00fchrer, Detlef Baer, sowie der stellvertretende Vorsitzende des DGB Berlin-Brandenburg, Christian Ho\u00dfbach, reden werden. Um 12.00 Uhr startet dann das bekannte und beliebte Mai-Fest des DGB auf dem Alten Markt.<\/p>\n<p>Hier ist nochmal das komplette Programm:<br \/>\n10.00 Uhr<br \/>\nDemonstrationszug Platz der Einheit, Hauptpost<\/p>\n<p>11.00 Uhr<br \/>\nKundgebung Alter Markt<br \/>\n&#8211;&gt; Er\u00f6ffnung: Detlef Baer, DGB-Regionsgesch\u00e4ftsf\u00fchrer<br \/>\n&#8211;&gt; Zeit f\u00fcr mehr Solidarit\u00e4t: Christian Ho\u00dfbach, stellv. DGB Bezirksvorsitzender<\/p>\n<p>12.00 Uhr<br \/>\nFamilienfest u.a. mit<br \/>\n&#8211;&gt; H\u00fcpfburg, Eis und Kinderschminken<\/p>\n<p>&#8211;&gt; Gewerkschaften, Parteien, Vereine, die sich pr\u00e4sentieren<\/p>\n<p>&#8211;&gt; Musik von:<br \/>\n\u201eOldie Band Potsdam\u201c<br \/>\n\u201eGehirn mit Reis\u201c<br \/>\n\u201eLari &amp; die Pausenmusik\u201c<\/p>\n<p>&#8211;&gt; Polit-Talks mit GewerkschafterInnen, Betriebsr\u00e4ten und PolitikerInnen aus der Region, Moderation: Sebastian Adamski<\/p>\n<p>16.00 Uhr<br \/>\nEnde der Veranstaltung&#8220;<\/p>\n<p>Die Brandenburger Freidenker beteilgen sich an den \u00f6rtlichen Demonstrationen und sind mit Infost\u00e4nden vertreten:<\/p>\n<ul>\n<li>Potsdam: Demostart 10:00 Uhr Platz der Einheit, Infostand auf dem<br \/>\nAlten Markt,<\/li>\n<li>K\u00f6nigs Wusterhausen: Demostart 10:00 Uhr Stadtbrunnen, Infostand<br \/>\nauf der M\u00fchleninsel,<\/li>\n<li>Beeskow: Infostand im Spreepark<\/li>\n<\/ul>\n","protected":false},"excerpt":{"rendered":"<p>Die Brandenburger Freidenker sind zur Maifeier 2016 in Potsdam wieder mit einem Informationsstand vertreten. \u00a0Sehen wir uns dort? Weiterf\u00fchrende Veranstaltungsinformationen erhaltet Ihr unter anderem auf der Veranstaltungs-Facebookseite zur Maifeier in Potsdam, auf der Webseite des DGB Mark Brandenburg bzw. auf &hellip; <a href=\"https:\/\/www.brandenburger-freidenker.de\/cms\/?p=1711\">Weiterlesen <span class=\"meta-nav\">&rarr;<\/span><\/a><\/p>\n","protected":false},"author":5,"featured_media":0,"comment_status":"closed","ping_status":"closed","sticky":false,"template":"","format":"standard","meta":{"footnotes":""},"categories":[385,337,276,14,44,8],"tags":[338,95,77,131,284],"class_list":["post-1711","post","type-post","status-publish","format-standard","hentry","category-dfv-brandenburg","category-dgb","category-linke","category-potsdam","category-solidaritaet","category-termine","tag-dgb","tag-die-linke","tag-freidenker","tag-maifeier","tag-potsdam"],"_links":{"self":[{"href":"https:\/\/www.brandenburger-freidenker.de\/cms\/index.php?rest_route=\/wp\/v2\/posts\/1711","targetHints":{"allow":["GET"]}}],"collection":[{"href":"https:\/\/www.brandenburger-freidenker.de\/cms\/index.php?rest_route=\/wp\/v2\/posts"}],"about":[{"href":"https:\/\/www.brandenburger-freidenker.de\/cms\/index.php?rest_route=\/wp\/v2\/types\/post"}],"author":[{"embeddable":true,"href":"https:\/\/www.brandenburger-freidenker.de\/cms\/index.php?rest_route=\/wp\/v2\/users\/5"}],"replies":[{"embeddable":true,"href":"https:\/\/www.brandenburger-freidenker.de\/cms\/index.php?rest_route=%2Fwp%2Fv2%2Fcomments&post=1711"}],"version-history":[{"count":1,"href":"https:\/\/www.brandenburger-freidenker.de\/cms\/index.php?rest_route=\/wp\/v2\/posts\/1711\/revisions"}],"predecessor-version":[{"id":2251,"href":"https:\/\/www.brandenburger-freidenker.de\/cms\/index.php?rest_route=\/wp\/v2\/posts\/1711\/revisions\/2251"}],"wp:attachment":[{"href":"https:\/\/www.brandenburger-freidenker.de\/cms\/index.php?rest_route=%2Fwp%2Fv2%2Fmedia&parent=1711"}],"wp:term":[{"taxonomy":"category","embeddable":true,"href":"https:\/\/www.brandenburger-freidenker.de\/cms\/index.php?rest_route=%2Fwp%2Fv2%2Fcategories&post=1711"},{"taxonomy":"post_tag","embeddable":true,"href":"https:\/\/www.brandenburger-freidenker.de\/cms\/index.php?rest_route=%2Fwp%2Fv2%2Ftags&post=1711"}],"curies":[{"name":"wp","href":"https:\/\/api.w.org\/{rel}","templated":true}]}}