{"id":1620,"date":"2015-10-28T11:00:25","date_gmt":"2015-10-28T10:00:25","guid":{"rendered":"http:\/\/www.brandenburger-freidenker.de\/cms\/?p=1620"},"modified":"2015-10-28T11:11:35","modified_gmt":"2015-10-28T10:11:35","slug":"dfv-berlin-11-11-2015-berliner-runde-freidenker-im-gespraech","status":"publish","type":"post","link":"https:\/\/www.brandenburger-freidenker.de\/cms\/?p=1620","title":{"rendered":"[DFV Berlin] 11.11.2015 \u2013 \u201eBerliner Runde \u2013 Freidenker im Gespr\u00e4ch\u201c"},"content":{"rendered":"<p><strong>Liebe Freidenkerin, lieber Freidenker, liebe Freunde,<\/strong><\/p>\n<p>wir laden ein zu unserer n\u00e4chsten \u201eBerliner Runde \u2013 Freidenker im Gespr\u00e4ch\u201c am <strong>Mittwoch, den<\/strong> <strong>11. November 2015, 18.00 Uhr <\/strong>im Klub der Volkssolidarit\u00e4t Torstr. 203 \u2013 205, 10115 Berlin*<\/p>\n<p style=\"text-align: center;\"><strong>\u201e<\/strong><strong>Freies Denken und Wissenschaft, vor allem Rechtswissenschaft\u201c<\/strong><\/p>\n<p style=\"text-align: center;\"><strong>Referent: Prof. Dr. Erich Buchholz<\/strong><\/p>\n<p style=\"text-align: center;\"><strong>Moderation: Hans Bauer<\/strong><\/p>\n<p>Freies Denken, das frei von religi\u00f6sen und anderen ideologischen Dogmen sein will, bedarf der Aneignung eines Minimums der Wissenschaften.<\/p>\n<p>Die Astronomen Galilei, Kepler und Kopernikus konnten sich dank ihrer astronomischen Erkenntnisse vom\u00a0 kirchlichen Dogma, nach dem sich die Sonne um die Erde bewege, befreien.<!--more--><\/p>\n<p>Ohne wissenschaftliche Grunderkenntnisse k\u00f6nnen Freidenker nicht frei denken.<\/p>\n<p>Nur bei den Geisteswissenschaften bedarf es besonderer geistiger Anstrengungen, weil diese Disziplinen den Herrschenden dienen und demgem\u00e4\u00df entstellt oder verf\u00e4lscht sein k\u00f6nnen.<!--more--><\/p>\n<p>Erich Buchholz, Jurist, war langj\u00e4hrig an der Humboldt-Universit\u00e4t t\u00e4tig. Er war Leiter des Instituts f\u00fcr Strafrecht, ab 1966 Dekan und ab 1976 Direktor der Sektion Rechtswissenschaft. Seine zahlreichen Publikationen, die Mitwirkung an internationalen Konferenzen, an der Herausgabe von Lehrb\u00fcchern, einige in mehrere Sprachen \u00fcbersetzt, weisen ihn als kompetenten Wissenschaftler und sachkundigen Zeitzeugen aus. Nach 1990 war Erich als Rechtsanwalt, insbesondere als Strafverteidiger t\u00e4tig. Mit den unten beispielhaft angef\u00fchrten Publikationen setzte er seine T\u00e4tigkeit als streitbarer Rechtswissenschaftler des beginnenden 21. Jahrhunderts fort.<\/p>\n<p>Aktuelle <a href=\"http:\/\/www.kai-homilius-verlag.de\/autoren\/autor_new.php?autor=139\" target=\"_blank\">Werk\u00fcbersicht<\/a> von Erich Buchholz<\/p>\n<p>Mit solidarischen Gr\u00fc\u00dfen<\/p>\n<p>Uta und Edi Mader<br \/>\nim Auftrag des Leitungskollektivs<\/p>\n<p><em>(*S1, S2, S25 bis Oranienburger Str., U6 bis Oranienburger Tor)<\/em><\/p>\n","protected":false},"excerpt":{"rendered":"<p>Liebe Freidenkerin, lieber Freidenker, liebe Freunde, wir laden ein zu unserer n\u00e4chsten \u201eBerliner Runde \u2013 Freidenker im Gespr\u00e4ch\u201c am Mittwoch, den 11. November 2015, 18.00 Uhr im Klub der Volkssolidarit\u00e4t Torstr. 203 \u2013 205, 10115 Berlin* \u201eFreies Denken und Wissenschaft, &hellip; <a href=\"https:\/\/www.brandenburger-freidenker.de\/cms\/?p=1620\">Weiterlesen <span class=\"meta-nav\">&rarr;<\/span><\/a><\/p>\n","protected":false},"author":4,"featured_media":0,"comment_status":"closed","ping_status":"closed","sticky":false,"template":"","format":"standard","meta":{"footnotes":""},"categories":[264,17,37,8],"tags":[286,147,256,77],"class_list":["post-1620","post","type-post","status-publish","format-standard","hentry","category-atheismus","category-berlin","category-dfv-berlin","category-termine","tag-berlin","tag-berliner-runde","tag-berliner-runde-freidenker-im-gespraech","tag-freidenker"],"_links":{"self":[{"href":"https:\/\/www.brandenburger-freidenker.de\/cms\/index.php?rest_route=\/wp\/v2\/posts\/1620","targetHints":{"allow":["GET"]}}],"collection":[{"href":"https:\/\/www.brandenburger-freidenker.de\/cms\/index.php?rest_route=\/wp\/v2\/posts"}],"about":[{"href":"https:\/\/www.brandenburger-freidenker.de\/cms\/index.php?rest_route=\/wp\/v2\/types\/post"}],"author":[{"embeddable":true,"href":"https:\/\/www.brandenburger-freidenker.de\/cms\/index.php?rest_route=\/wp\/v2\/users\/4"}],"replies":[{"embeddable":true,"href":"https:\/\/www.brandenburger-freidenker.de\/cms\/index.php?rest_route=%2Fwp%2Fv2%2Fcomments&post=1620"}],"version-history":[{"count":0,"href":"https:\/\/www.brandenburger-freidenker.de\/cms\/index.php?rest_route=\/wp\/v2\/posts\/1620\/revisions"}],"wp:attachment":[{"href":"https:\/\/www.brandenburger-freidenker.de\/cms\/index.php?rest_route=%2Fwp%2Fv2%2Fmedia&parent=1620"}],"wp:term":[{"taxonomy":"category","embeddable":true,"href":"https:\/\/www.brandenburger-freidenker.de\/cms\/index.php?rest_route=%2Fwp%2Fv2%2Fcategories&post=1620"},{"taxonomy":"post_tag","embeddable":true,"href":"https:\/\/www.brandenburger-freidenker.de\/cms\/index.php?rest_route=%2Fwp%2Fv2%2Ftags&post=1620"}],"curies":[{"name":"wp","href":"https:\/\/api.w.org\/{rel}","templated":true}]}}