{"id":1599,"date":"2015-09-05T20:00:34","date_gmt":"2015-09-05T18:00:34","guid":{"rendered":"http:\/\/www.brandenburger-freidenker.de\/cms\/?p=1599"},"modified":"2015-09-16T20:36:21","modified_gmt":"2015-09-16T18:36:21","slug":"jw-taeglich-gibt-es-eine-vielzahl-benachteiligungen","status":"publish","type":"post","link":"https:\/\/www.brandenburger-freidenker.de\/cms\/?p=1599","title":{"rendered":"[jW] \u00bbT\u00e4glich gibt es eine Vielzahl Benachteiligungen\u00ab"},"content":{"rendered":"<p><strong>Menschen ohne religi\u00f6ses Bekenntnis werden in Deutschland diskriminiert.<\/strong> Ein Gespr\u00e4ch mit <strong>Arik Platzek<\/strong> (Sprecher des Humanistischen Verbandes Deutschland)<\/p>\n<p>Interview: <strong>Peter Wolter<\/strong><\/p>\n<p><strong>In Deutschland gibt es etwa 30 Millionen Menschen ohne religi\u00f6ses Bekenntnis \u2013 \u00bbB\u00fcrger zweiter Klasse\u00ab, hei\u00dft es in einer jetzt herausgegebenen Erkl\u00e4rung des \u00bbHumanistischen Verbandes Deutschlands\u00ab. Wie begr\u00fcnden Sie diese k\u00fchne Aussage?<\/strong><\/p>\n<p>Das ist keine k\u00fchne Aussage, sondern eine Feststellung, die sich in zahlreichen Themengebieten belegen l\u00e4sst. Es l\u00e4sst sich ja nicht \u00fcbersehen, dass sich bei \u00f6ffentlichen Anl\u00e4ssen regelm\u00e4\u00dfig Vertreter von Religionen in Szene setzen d\u00fcrfen, Repr\u00e4sentanten konfessionsfreier und nichtreligi\u00f6ser B\u00fcrgerinnen und B\u00fcrger aber h\u00f6chstens ausnahmsweise vorkommen.<\/p>\n<p>Viel bedeutsamer ist die Benachteiligung auf dem Arbeitsmarkt: Obwohl kirchliche Einrichtungen im Gesundheits-, Sozial- und Bildungswesen zu 80 bis 95 Prozent \u2013 nicht selten auch vollst\u00e4ndig \u2013 aus \u00f6ffentlichen Mitteln bzw. den Mitteln der Gesamtheit aller Beitragszahler und durch Nutzungsentgelte finanziert werden, d\u00fcrfen Konfessionsfreie von solchen Arbeitspl\u00e4tzen ausgeschlossen werden.<\/p>\n<p>In manchen Regionen wiederum befinden sich Kindertagesst\u00e4tten fl\u00e4chendeckend in kirchlicher Tr\u00e4gerschaft \u2013 eine Zumutung f\u00fcr Eltern, die keine religi\u00f6s gepr\u00e4gte Erziehung ihrer Kinder wollen. Oder schauen Sie auf den \u00f6ffentlich-rechtlichen Rundfunk: In den Rundfunkr\u00e4ten sind diverse Religionsgemeinschaften vertreten, die nichtgl\u00e4ubigen Beitragszahler haben keine Stimmen.<\/p>\n<p>Ein viertes Beispiel: Im Hochschulbereich gibt es vom Bundesministerium f\u00fcr Bildung und Forschung finanzierte F\u00f6rderwerke f\u00fcr Studierende mit christlichem, j\u00fcdischem oder muslimischem Bekenntnis. Ein F\u00f6rderwerk f\u00fcr Studierende mit s\u00e4kularer, humanistischer oder atheistischer Lebensauffassung gibt es nicht.<\/p>\n<p>Wir haben den Bericht \u00bbGl\u00e4serne W\u00e4nde\u00ab verfasst, um die Vielzahl dieser t\u00e4glichen und strukturellen Benachteiligungen darzustellen. Er erscheint am 17. September.<!--more--><\/p>\n<p><strong>Ich zahle seit meinem 16. Lebensjahr keine Kirchensteuer und habe das keineswegs als Benachteiligung empfunden. Das ist doch ein Vorteil, den ich als Atheist gegen\u00fcber denjenigen habe, die dran glauben und dann finanziell auch noch dran glauben m\u00fcssen.<\/strong><\/p>\n<p>Ein Nachteil ist das sicher nicht. Wenn Sie als Nichtreligi\u00f6ser aber aus einer Kirche austreten wollen, werden Sie zur Kasse gebeten. Der Austritt kostet, je nach Bundesland, zwischen zehn und 60 Euro Verwaltungsgeb\u00fchr \u2013 das gibt es bei keinem anderen Verein.<\/p>\n<p><strong>Es existieren diverse Vereinigungen, die sich dem Atheismus oder zumindest dem Agnostizismus verschrieben haben: die Freidenker, die Giordano-Bruno-Stiftung usw. Wieso gelingt es nicht, dass diese Organisationen an einem Strang ziehen, um eine angemessene Repr\u00e4sentanz von Nichtgl\u00e4ubigen durchzusetzen?<\/strong><\/p>\n<p>Eigentlich ziehen diese Organisationen schon an einem Strang. Hier gibt es seit 2008 den \u00bbKoordinierungsrat s\u00e4kularer Organisationen\u00ab als Dachverband. Der fordert unter anderem einen Dialog zwischen Religionsfreien und Bundesregierung, wie es ihn auch mit Muslimen gibt. Doch das wird bis heute ignoriert.<\/p>\n<p>Bei anderen Themen ist die Kooperation weniger stark, denn die Ziele sind recht unterschiedlich. Bei einigen wiederum findet man\u00a0 schnell zusammen. So etwa bei der Suizidhilfe, zu der der Bundestag im Herbst neue Regelungen schaffen will.<\/p>\n<p><strong>Sollten die Nichtgl\u00e4ubigen nicht auch in der \u00d6ffentlichkeit mehr von sich reden machen? Es gibt ja viele M\u00f6glichkeiten: Demos, Flash-Mobs, notfalls Sprengung einet TV-Talkrunde &#8230;<\/strong><\/p>\n<p>Das h\u00e4ngt von der jeweiligen Organisation ab. Die Giordano-Bruno-Stiftung hatte in den letzten Jahren diverse Aktionen organisiert. Der \u00bbHumanistische Verband Deutschlands\u00ab konzentriert sich wiederum auf konkrete soziale, p\u00e4dagogische und kulturelle Dienstleistungen und Angebote, etwa die Jugendfeier, und eben auch die politische Interessenvertretung. In diesem Rahmen ist der neue Bericht entstanden.<\/p>\n<p><strong>Jugendfeier? Ist das nicht ein Abklatsch christlicher Initiationsriten wie die Konfirmation? Warum haben es Atheisten n\u00f6tig, christliche Spektakel nachzuahmen?<\/strong><\/p>\n<p>Das sollten Sie die vielen tausende Eltern und Jugendlichen fragen, die jedes Jahr daran teilnehmen. Nat\u00fcrlich haben wir Verst\u00e4ndnis daf\u00fcr, wenn jemand so etwas ablehnt \u2013 es ist halt ein Angebot, auf das man eingehen kann, aber\u00a0 nicht muss.<\/p>\n<p><a href=\"http:\/\/www.glaeserne-waende.de\/\" target=\"_blank\">http:\/\/www.glaeserne-waende.de<\/a><\/p>\n<p><strong>Quelle:<\/strong> <a href=\"http:\/\/www.jungewelt.de\/2015\/09-05\/059.php\" target=\"_blank\">http:\/\/www.jungewelt.de\/2015\/09-05\/059.php<\/a><\/p>\n","protected":false},"excerpt":{"rendered":"<p>Menschen ohne religi\u00f6ses Bekenntnis werden in Deutschland diskriminiert. Ein Gespr\u00e4ch mit Arik Platzek (Sprecher des Humanistischen Verbandes Deutschland) Interview: Peter Wolter In Deutschland gibt es etwa 30 Millionen Menschen ohne religi\u00f6ses Bekenntnis \u2013 \u00bbB\u00fcrger zweiter Klasse\u00ab, hei\u00dft es in einer &hellip; <a href=\"https:\/\/www.brandenburger-freidenker.de\/cms\/?p=1599\">Weiterlesen <span class=\"meta-nav\">&rarr;<\/span><\/a><\/p>\n","protected":false},"author":4,"featured_media":0,"comment_status":"closed","ping_status":"closed","sticky":false,"template":"","format":"standard","meta":{"footnotes":""},"categories":[264,17,265,263,5,28,42,66],"tags":[266,286,267,270,269,271,272,242,268,308],"class_list":["post-1599","post","type-post","status-publish","format-standard","hentry","category-atheismus","category-berlin","category-giordano-bruno-stiftung","category-humanistischer-verband-deutschland","category-korso","category-religionskritik","category-trennung-von-staat-und-kirche","category-weltanschauung","tag-atheismus","tag-berlin","tag-diskriminierung","tag-gbs","tag-hvd","tag-jugendfeier","tag-jugendweihe","tag-junge-welt","tag-korso","tag-weltanschauung"],"_links":{"self":[{"href":"https:\/\/www.brandenburger-freidenker.de\/cms\/index.php?rest_route=\/wp\/v2\/posts\/1599","targetHints":{"allow":["GET"]}}],"collection":[{"href":"https:\/\/www.brandenburger-freidenker.de\/cms\/index.php?rest_route=\/wp\/v2\/posts"}],"about":[{"href":"https:\/\/www.brandenburger-freidenker.de\/cms\/index.php?rest_route=\/wp\/v2\/types\/post"}],"author":[{"embeddable":true,"href":"https:\/\/www.brandenburger-freidenker.de\/cms\/index.php?rest_route=\/wp\/v2\/users\/4"}],"replies":[{"embeddable":true,"href":"https:\/\/www.brandenburger-freidenker.de\/cms\/index.php?rest_route=%2Fwp%2Fv2%2Fcomments&post=1599"}],"version-history":[{"count":0,"href":"https:\/\/www.brandenburger-freidenker.de\/cms\/index.php?rest_route=\/wp\/v2\/posts\/1599\/revisions"}],"wp:attachment":[{"href":"https:\/\/www.brandenburger-freidenker.de\/cms\/index.php?rest_route=%2Fwp%2Fv2%2Fmedia&parent=1599"}],"wp:term":[{"taxonomy":"category","embeddable":true,"href":"https:\/\/www.brandenburger-freidenker.de\/cms\/index.php?rest_route=%2Fwp%2Fv2%2Fcategories&post=1599"},{"taxonomy":"post_tag","embeddable":true,"href":"https:\/\/www.brandenburger-freidenker.de\/cms\/index.php?rest_route=%2Fwp%2Fv2%2Ftags&post=1599"}],"curies":[{"name":"wp","href":"https:\/\/api.w.org\/{rel}","templated":true}]}}