{"id":1572,"date":"2015-08-26T22:00:47","date_gmt":"2015-08-26T20:00:47","guid":{"rendered":"http:\/\/www.brandenburger-freidenker.de\/cms\/?p=1572"},"modified":"2015-08-31T22:50:41","modified_gmt":"2015-08-31T20:50:41","slug":"dfv-bundesverband-freidenker-brief-6-2015-deutschland-raus-aus-der-nato-nato-raus-aus-deutschland-stopp-ramstein-kein-drohnenkrieg","status":"publish","type":"post","link":"https:\/\/www.brandenburger-freidenker.de\/cms\/?p=1572","title":{"rendered":"[DFV Bundesverband] Freidenker-Brief 6 &#8211; 2015: Deutschland raus aus der NATO &#8211; NATO raus aus Deutschland; Stopp Ramstein: Kein Drohnenkrieg"},"content":{"rendered":"<p><em><strong><a href=\"https:\/\/listen.jpberlin.de\/mailman\/listinfo\/freidenker-brief\" target=\"_blank\">Freidenker-Brief<\/a>\u00a0 <\/strong>Nr. 6\/2015 v. 26. August 2015<\/em><\/p>\n<p><strong>Deutschland raus aus der NATO &#8211; NATO raus aus Deutschland;<\/strong><\/p>\n<p><strong>Stopp Ramstein: Kein Drohnenkrieg<\/strong><\/p>\n<p><em>W\u00e4hrend manche &#8222;Institutionen&#8220; der Friedensbewegung fortgesetzt die Diskussion \u201eWie weiter mit der Friedensbewegung?\u201c f\u00fchren, gibt es erfreulicherweise auch Friedenskr\u00e4fte, die angesichts der gef\u00e4hrlichen internationalen Entwicklung aktiv werden, die auf Aktionen und auf Klarheit dr\u00e4ngen: Einerseits die im &#8222;AK Frieden \/ Internationales&#8220; des Deutschen Freidenker-Verbandes erarbeitete programmatische Erkl\u00e4rung zu Fragen von Krieg und Frieden, die als Grundlage zur Formierung einer Anti-NATO-Allianz fungiert; andererseits ein Personenb\u00fcndnis, das zu Aktionen zwecks <\/em>Schlie\u00dfung des US-Milit\u00e4rst\u00fctzpunktes Ramstein bei Kaiserslautern aufruft.<br \/>\nBeide Kampagnen stehen\u00a0 nicht in Konkurrenz zueinander, sondern k\u00f6nnen sich erg\u00e4nzen und unterst\u00fctzen. <em>Deshalb bitten der Deutsche Freidenker-Verband und der Bundesverband Arbeiterfotografie um Eure Unterst\u00fctzung:<\/em><\/p>\n<ol>\n<li><strong><a href=\"http:\/\/www.neinzurnato.de\/?page_id=173\" target=\"_blank\" rel=\"noreferrer\">\u201eSagt NEIN, \u00e4chtet Aggressionen, bannt die Weltkriegsgefahr!\u201c<\/a><\/strong><\/li>\n<\/ol>\n<p><em>Dieser Aufruf wurde initiiert vom Deutschen Freidenker-Verband und vom Bundesverband Arbeiterfotografie, und im Juli 2015 gemeinsam mit anderen Aktiven aus der Friedensbewegung formuliert. Er wird bisher von 41 Organisationen und Gruppen unterst\u00fctzt, und kann zu einem Kristallisationskern f\u00fcr die antiimperialistischen Kr\u00e4fte in der Friedensbewegung werden, die f\u00fcr eine grundlegend andere deutsche Au\u00dfenpolitik eintreten, die einseitige deutsche K\u00fcndigung des NATO-Vertrages und des \u201eAufenthaltsvertrages\u201c der NATO-Truppen propagieren sowie f\u00fcr eine dauerhafte deutsch-russischen Partnerschaft eintreten: <strong>DEUTSCHLAND RAUS AUS DER NATO \u2013 <\/strong><\/em><em><strong>NATO RAUS AUS DEUTSCHLAND!<\/strong><\/em><\/p>\n<p><em>Der Aufruf wurde am 25. August 2015 den Mitgliedern des Deutschen Bundestages mit einem <strong><a href=\"http:\/\/tlaxcala-int.org\/campagne.asp?reference=35\" target=\"_blank\" rel=\"noreferrer\">Offenen Brief<\/a> <\/strong>\u00fcbersandt. In der pers\u00f6nlich adressierten E-Mail wird ebenfalls auf die beiden Aufrufe &#8222;<a href=\"http:\/\/www.freundschaft-mit-valjevo.de\/wordpress\/?p=1048\" target=\"_blank\" rel=\"noreferrer\">Beenden Sie das Aushungern des syrischen Volkes! Schluss mit dem Embargo, damit Syrien Frieden bekommt!<\/a>&#8220; und \u00a0 &#8222;<a href=\"http:\/\/www.ramstein-kampagne.eu\/\" target=\"_blank\" rel=\"noreferrer\">Kampagne Stopp Ramstein: Kein Drohnenkrieg!<\/a>&#8220; hingewiesen.<\/em><!--more--><\/p>\n<p><em>Von den einzelnen Abgeordneten werden Antworten auf folgende Fragen erbeten:<\/em><\/p>\n<p>1.\u00a0\u00a0 Sind Sie bereit, sich daf\u00fcr einzusetzen, dass die Bundesrepublik Deutschland umgehend aus dem NATO-Vertrag ausscheidet?<\/p>\n<p>2.\u00a0\u00a0 Sind Sie bereit, sich daf\u00fcr einzusetzen, dass die Bundesregierung den Vertrag \u00fcber den Aufenthalt ausl\u00e4ndischer Streitkr\u00e4fte in der Bundesrepublik Deutschland umgehend k\u00fcndigt?<\/p>\n<p>3.\u00a0\u00a0 Sind Sie bereit, sich daf\u00fcr einzusetzen, dass die Bundesregierung die gegen Russland gerichteten Sanktionen unverz\u00fcglich aufhebt und dauerhaft auf deutsch-russische Beziehungen im Geiste von Zusammenarbeit und Partnerschaft hinwirkt?<\/p>\n<p><em>Wer sich mit dem Aufruf und der Kampagne solidarisieren m\u00f6chte, wird gebeten<strong>,<\/strong> <a href=\"http:\/\/tlaxcala-int.org\/campagne.asp?reference=35#signature\" target=\"_blank\" rel=\"noreferrer\">hier<\/a> zu unterschreiben.<\/em><\/p>\n<ol start=\"2\">\n<li><strong><a href=\"http:\/\/www.ramstein-kampagne.eu\/\" target=\"_blank\" rel=\"noreferrer\">Kampagne Stopp Ramstein: Kein Drohnenkrieg!<\/a><br \/>\n<em>\u201eVon deutschem Boden darf nie wieder Krieg ausgehen.\u201c<br \/>\n<\/em><\/strong><strong>Unter dieser Losung ist am 25.\/26. September 2015 in Kaiserslautern\/Ramstein ein erstes Aktionswochenende geplant. Der Aufruf dazu wurde bisher mit \u00fcber 2.600 Unterschriften unterst\u00fctzt. Das Personenb\u00fcndnis hat gestern eine 4-seitige <\/strong>Mobilisierungs- und Informationszeitung<strong> herausgegeben, in der auch das Pl\u00e4doyer des Freidenker-Vorsitzenden f\u00fcr einen NATO-Austritt abgedruckt ist. <\/strong><\/li>\n<\/ol>\n<p><strong>Wer den Aufruf unterst\u00fctzen, die Kampagnenzeitung bestellen und wer an der Aktion in der Pfalz teilnehmen m\u00f6chte<\/strong><em><strong>,<\/strong><\/em><strong> kann sich <a href=\"http:\/\/www.ramstein-kampagne.eu\/aktionen\/\" target=\"_blank\" rel=\"noreferrer\">hier<\/a> informieren.<\/strong><\/p>\n","protected":false},"excerpt":{"rendered":"<p>Freidenker-Brief\u00a0 Nr. 6\/2015 v. 26. August 2015 Deutschland raus aus der NATO &#8211; NATO raus aus Deutschland; Stopp Ramstein: Kein Drohnenkrieg W\u00e4hrend manche &#8222;Institutionen&#8220; der Friedensbewegung fortgesetzt die Diskussion \u201eWie weiter mit der Friedensbewegung?\u201c f\u00fchren, gibt es erfreulicherweise auch Friedenskr\u00e4fte, &hellip; <a href=\"https:\/\/www.brandenburger-freidenker.de\/cms\/?p=1572\">Weiterlesen <span class=\"meta-nav\">&rarr;<\/span><\/a><\/p>\n","protected":false},"author":4,"featured_media":0,"comment_status":"closed","ping_status":"closed","sticky":false,"template":"","format":"standard","meta":{"footnotes":""},"categories":[36,10,30,57,48,8],"tags":[231,245,77,76,223,230,246],"class_list":["post-1572","post","type-post","status-publish","format-standard","hentry","category-arbeiterfotografie","category-dfv","category-friedensaktion","category-friedensbewegung","category-politik","category-termine","tag-arbeiterfotografie","tag-aufruf","tag-freidenker","tag-frieden","tag-ramstein","tag-raus-aus-der-nato","tag-weltkriegsgefahr"],"_links":{"self":[{"href":"https:\/\/www.brandenburger-freidenker.de\/cms\/index.php?rest_route=\/wp\/v2\/posts\/1572","targetHints":{"allow":["GET"]}}],"collection":[{"href":"https:\/\/www.brandenburger-freidenker.de\/cms\/index.php?rest_route=\/wp\/v2\/posts"}],"about":[{"href":"https:\/\/www.brandenburger-freidenker.de\/cms\/index.php?rest_route=\/wp\/v2\/types\/post"}],"author":[{"embeddable":true,"href":"https:\/\/www.brandenburger-freidenker.de\/cms\/index.php?rest_route=\/wp\/v2\/users\/4"}],"replies":[{"embeddable":true,"href":"https:\/\/www.brandenburger-freidenker.de\/cms\/index.php?rest_route=%2Fwp%2Fv2%2Fcomments&post=1572"}],"version-history":[{"count":0,"href":"https:\/\/www.brandenburger-freidenker.de\/cms\/index.php?rest_route=\/wp\/v2\/posts\/1572\/revisions"}],"wp:attachment":[{"href":"https:\/\/www.brandenburger-freidenker.de\/cms\/index.php?rest_route=%2Fwp%2Fv2%2Fmedia&parent=1572"}],"wp:term":[{"taxonomy":"category","embeddable":true,"href":"https:\/\/www.brandenburger-freidenker.de\/cms\/index.php?rest_route=%2Fwp%2Fv2%2Fcategories&post=1572"},{"taxonomy":"post_tag","embeddable":true,"href":"https:\/\/www.brandenburger-freidenker.de\/cms\/index.php?rest_route=%2Fwp%2Fv2%2Ftags&post=1572"}],"curies":[{"name":"wp","href":"https:\/\/api.w.org\/{rel}","templated":true}]}}