{"id":1488,"date":"2015-05-01T20:56:40","date_gmt":"2015-05-01T18:56:40","guid":{"rendered":"http:\/\/www.brandenburger-freidenker.de\/cms\/?p=1488"},"modified":"2019-03-29T07:56:28","modified_gmt":"2019-03-29T06:56:28","slug":"7-5-2015-potsdamer-runde-zum-thema-das-massaker-von-odessa","status":"publish","type":"post","link":"https:\/\/www.brandenburger-freidenker.de\/cms\/?p=1488","title":{"rendered":"7.5.2015 &#8211; Potsdamer Runde zum Thema &#8222;Das Massaker von Odessa&#8220;"},"content":{"rendered":"<p>Wir laden Euch recht herzlich zu unserer Potsdamer Runde\u00a0<strong>am 7. Mai 2015<\/strong>, ab\u00a0<strong>20:00<\/strong>\u00a0Uhr ein. Die Potsdamer Runde findet wie gewohnt im Asia Restaurant \u201cMandarin\u201d, Lindenstr. 44, Ecke B\u00e4ckerstra\u00dfe, in 14467 Potsdam statt.<\/p>\n<p>Beginn: ab\u00a0<strong>19:00 Uhr<\/strong>\u00a0Smalltalk und Essen, ab\u00a0<strong>ca. 20:00 Uhr <\/strong>Vortrag mit Filmbeitr\u00e4gen und anschlie\u00dfender Diskussion<\/p>\n<p>Thema: <strong>Das Massaker von Odessa<\/strong><span dir=\"auto\"><br \/>\n<\/span><\/p>\n<p>Referenten: Oleg und Alexander<\/p>\n<p><strong>114 Menschen<\/strong> wurden im Gewerkschaftshaus von Odessa <strong>Opfer eines inszenierten Massakers<\/strong>. Es ist unangenehm, \u00fcber diese Grausamkeiten zu erfahren. Aber noch unangenehmer ist es, wenn durch Schweigen und Wegschauen die T\u00e4ter und ihre Freunde und F\u00f6rderer im Hintergrund weiteres Leid verursachen k\u00f6nnen, bis hin zu Krieg und Chaos in ganz Europa.<\/p>\n<p>Mit Oleg und Alexander kommen zwei Augenzeugen.<\/p>\n","protected":false},"excerpt":{"rendered":"<p>Wir laden Euch recht herzlich zu unserer Potsdamer Runde\u00a0am 7. Mai 2015, ab\u00a020:00\u00a0Uhr ein. Die Potsdamer Runde findet wie gewohnt im Asia Restaurant \u201cMandarin\u201d, Lindenstr. 44, Ecke B\u00e4ckerstra\u00dfe, in 14467 Potsdam statt. Beginn: ab\u00a019:00 Uhr\u00a0Smalltalk und Essen, ab\u00a0ca. 20:00 Uhr &hellip; <a href=\"https:\/\/www.brandenburger-freidenker.de\/cms\/?p=1488\">Weiterlesen <span class=\"meta-nav\">&rarr;<\/span><\/a><\/p>\n","protected":false},"author":5,"featured_media":0,"comment_status":"closed","ping_status":"closed","sticky":false,"template":"","format":"standard","meta":{"footnotes":""},"categories":[55,385,56,48,14,44,8,70],"tags":[188,187,311],"class_list":["post-1488","post","type-post","status-publish","format-standard","hentry","category-antifaschismus","category-dfv-brandenburg","category-faschismus","category-politik","category-potsdam","category-solidaritaet","category-termine","category-ukraine","tag-2-mai-2014","tag-odessa","tag-ukraine"],"_links":{"self":[{"href":"https:\/\/www.brandenburger-freidenker.de\/cms\/index.php?rest_route=\/wp\/v2\/posts\/1488","targetHints":{"allow":["GET"]}}],"collection":[{"href":"https:\/\/www.brandenburger-freidenker.de\/cms\/index.php?rest_route=\/wp\/v2\/posts"}],"about":[{"href":"https:\/\/www.brandenburger-freidenker.de\/cms\/index.php?rest_route=\/wp\/v2\/types\/post"}],"author":[{"embeddable":true,"href":"https:\/\/www.brandenburger-freidenker.de\/cms\/index.php?rest_route=\/wp\/v2\/users\/5"}],"replies":[{"embeddable":true,"href":"https:\/\/www.brandenburger-freidenker.de\/cms\/index.php?rest_route=%2Fwp%2Fv2%2Fcomments&post=1488"}],"version-history":[{"count":1,"href":"https:\/\/www.brandenburger-freidenker.de\/cms\/index.php?rest_route=\/wp\/v2\/posts\/1488\/revisions"}],"predecessor-version":[{"id":2265,"href":"https:\/\/www.brandenburger-freidenker.de\/cms\/index.php?rest_route=\/wp\/v2\/posts\/1488\/revisions\/2265"}],"wp:attachment":[{"href":"https:\/\/www.brandenburger-freidenker.de\/cms\/index.php?rest_route=%2Fwp%2Fv2%2Fmedia&parent=1488"}],"wp:term":[{"taxonomy":"category","embeddable":true,"href":"https:\/\/www.brandenburger-freidenker.de\/cms\/index.php?rest_route=%2Fwp%2Fv2%2Fcategories&post=1488"},{"taxonomy":"post_tag","embeddable":true,"href":"https:\/\/www.brandenburger-freidenker.de\/cms\/index.php?rest_route=%2Fwp%2Fv2%2Ftags&post=1488"}],"curies":[{"name":"wp","href":"https:\/\/api.w.org\/{rel}","templated":true}]}}