{"id":1470,"date":"2015-04-29T23:10:16","date_gmt":"2015-04-29T21:10:16","guid":{"rendered":"http:\/\/www.brandenburger-freidenker.de\/cms\/?p=1470"},"modified":"2015-04-29T23:22:45","modified_gmt":"2015-04-29T21:22:45","slug":"8-mai-2015-70-jahre-tag-der-befreiung","status":"publish","type":"post","link":"https:\/\/www.brandenburger-freidenker.de\/cms\/?p=1470","title":{"rendered":"8. Mai 2015 \u2013 70 Jahre Tag der Befreiung"},"content":{"rendered":"<p style=\"text-align: center;\"><span style=\"color: #ff0000;\"><strong>8. Mai 2015 \u2013 70 Jahre Tag der Befreiung<\/strong><\/span><\/p>\n<p style=\"text-align: center;\"><span style=\"color: #ff0000;\"><strong>Nein zu Krieg und Faschismus \u2013 F\u00fcr eine Politik der Verst\u00e4ndigung und friedlichen Konfliktl\u00f6sung<\/strong><\/span><\/p>\n<p style=\"text-align: center;\"><span style=\"color: #ff0000;\"><strong>Als Abschluss der vielf\u00e4ltigen Aktivit\u00e4ten um den 8. Mai organisiert das<\/strong><\/span><br \/>\n<span style=\"color: #ff0000;\"> <strong>Berliner Aktionsb\u00fcndnis \u201c70 Jahre Tag der Befreiung\u201d<br \/>\neine Demonstration\u00a0in Berlin am 10. Mai 2015<\/strong><\/span><\/p>\n<p style=\"text-align: center;\">Auftakt: <strong>12 Uhr Hackescher Markt<\/strong> \u2013 Abschlusskundgebung: ca. 13:30 Uhr Paul-L\u00f6be-Allee am Reichstag\u00a0mit<\/p>\n<p style=\"text-align: center;\">Erika Baum, Peter Sodann, Rolf Becker, Oskar Lafontaine per Video zugeschaltet<br \/>\nDiether Dehm und Michael Letz \u2013 Heike Hoening<br \/>\nKinder- und Jugendensemble SADAKO \u2013 Isabel Neuenfeldt<br \/>\nPeter Wittig und Vladislava Kozlovskaya \u2013 Strom und Wasser<\/p>\n<p style=\"text-align: center;\">Moderation: Christa Weber und Reiner Braun<\/p>\n<p style=\"text-align: center;\">Download des Aufrufes als <strong><a href=\"https:\/\/frikopotsdam.files.wordpress.com\/2015\/04\/demo-10-mai-2015-flugblatt.pdf\">PDF-Dokument<\/a><\/strong>\u00a0(ca. 226 KB) von der Friko Potsdam-Webseite hier m\u00f6glich<\/p>\n<p style=\"text-align: center;\">Weitere Informationen sind auf der Webseite der Friko Berlin nachzulesen:\u00a0<strong><a title=\"Hyperlink zur Webseite der Friko Berlin\" href=\"http:\/\/www.frikoberlin.de\/\">http:\/\/www.frikoberlin.de\/<\/a><\/strong><\/p>\n","protected":false},"excerpt":{"rendered":"<p>8. Mai 2015 \u2013 70 Jahre Tag der Befreiung Nein zu Krieg und Faschismus \u2013 F\u00fcr eine Politik der Verst\u00e4ndigung und friedlichen Konfliktl\u00f6sung Als Abschluss der vielf\u00e4ltigen Aktivit\u00e4ten um den 8. Mai organisiert das Berliner Aktionsb\u00fcndnis \u201c70 Jahre Tag der &hellip; <a href=\"https:\/\/www.brandenburger-freidenker.de\/cms\/?p=1470\">Weiterlesen <span class=\"meta-nav\">&rarr;<\/span><\/a><\/p>\n","protected":false},"author":5,"featured_media":0,"comment_status":"closed","ping_status":"closed","sticky":false,"template":"","format":"standard","meta":{"footnotes":""},"categories":[55,17,30,57,8],"tags":[183,181,182,286,305,76],"class_list":["post-1470","post","type-post","status-publish","format-standard","hentry","category-antifaschismus","category-berlin","category-friedensaktion","category-friedensbewegung","category-termine","tag-2-weltkrieg","tag-8-mai","tag-befreiung-vom-faschismus","tag-berlin","tag-faschismus","tag-frieden"],"_links":{"self":[{"href":"https:\/\/www.brandenburger-freidenker.de\/cms\/index.php?rest_route=\/wp\/v2\/posts\/1470","targetHints":{"allow":["GET"]}}],"collection":[{"href":"https:\/\/www.brandenburger-freidenker.de\/cms\/index.php?rest_route=\/wp\/v2\/posts"}],"about":[{"href":"https:\/\/www.brandenburger-freidenker.de\/cms\/index.php?rest_route=\/wp\/v2\/types\/post"}],"author":[{"embeddable":true,"href":"https:\/\/www.brandenburger-freidenker.de\/cms\/index.php?rest_route=\/wp\/v2\/users\/5"}],"replies":[{"embeddable":true,"href":"https:\/\/www.brandenburger-freidenker.de\/cms\/index.php?rest_route=%2Fwp%2Fv2%2Fcomments&post=1470"}],"version-history":[{"count":0,"href":"https:\/\/www.brandenburger-freidenker.de\/cms\/index.php?rest_route=\/wp\/v2\/posts\/1470\/revisions"}],"wp:attachment":[{"href":"https:\/\/www.brandenburger-freidenker.de\/cms\/index.php?rest_route=%2Fwp%2Fv2%2Fmedia&parent=1470"}],"wp:term":[{"taxonomy":"category","embeddable":true,"href":"https:\/\/www.brandenburger-freidenker.de\/cms\/index.php?rest_route=%2Fwp%2Fv2%2Fcategories&post=1470"},{"taxonomy":"post_tag","embeddable":true,"href":"https:\/\/www.brandenburger-freidenker.de\/cms\/index.php?rest_route=%2Fwp%2Fv2%2Ftags&post=1470"}],"curies":[{"name":"wp","href":"https:\/\/api.w.org\/{rel}","templated":true}]}}