{"id":1454,"date":"2015-03-25T22:25:41","date_gmt":"2015-03-25T21:25:41","guid":{"rendered":"http:\/\/www.brandenburger-freidenker.de\/cms\/?p=1454"},"modified":"2019-03-29T07:57:06","modified_gmt":"2019-03-29T06:57:06","slug":"1-4-2015-potsdamer-runde-das-subjekt-ein-unbekanntes-wesen","status":"publish","type":"post","link":"https:\/\/www.brandenburger-freidenker.de\/cms\/?p=1454","title":{"rendered":"1.4.2015 &#8211; Potsdamer Runde &#8222;Das Subjekt ein unbekanntes Wesen?&#8220;"},"content":{"rendered":"<p>Wir laden Euch recht herzlich zu unserer Potsdamer Runde\u00a0<strong>am MITTWOCH den 1. April 2015<\/strong>, ab\u00a0<strong>20:00<\/strong>\u00a0Uhr ein. Die Potsdamer Runde findet dieses Mal <strong>abweichend<\/strong> vom \u00fcblichen Ort im <strong>Potsdamer <a title=\"Hyperlink zur Webseite des Potsdamer Freilands\" href=\"http:\/\/www.freiland-potsdam.de\/\" target=\"_blank\" rel=\"noopener noreferrer\">Freiland<\/a><\/strong> in der <strong>Friedrich-Engels-Str. 22<\/strong> im <a title=\"Hyperlink zum Caf\u00e9 des Haus 2\" href=\"http:\/\/www.freiland-potsdam.de\/events\/14\" target=\"_blank\" rel=\"noopener noreferrer\">Caf\u00e9 des Haus 2,<\/a> unweit des Potsdamer Hauptbahnhofes\u00a0(<strong><a title=\"Hyperlink zu Google Maps\" href=\"https:\/\/goo.gl\/maps\/nVhKO\" target=\"_blank\" rel=\"noopener noreferrer\">Anfahrt<\/a><\/strong>)\u00a0statt.<\/p>\n<p>Beginn: ab\u00a0<strong>19:00 Uhr<\/strong>\u00a0Smalltalk (Essen vermutlich nicht m\u00f6glich, maximal ein Imbiss), ab\u00a0<strong>ca. 20:00 Uhr <\/strong>Vortrag und Diskussion<\/p>\n<p>Thema: <strong>Das Subjekt ein unbekanntes Wesen? &#8211; Die Psychologie vom Kopf auf die F\u00fc\u00dfe <\/strong><span style=\"color: #000000;\"><b>gestellt<\/b><\/span><\/p>\n<p style=\"padding-left: 30px;\">Wenn man verstehen m\u00f6chte, wie die &#8222;Welt&#8220; funktioniert, kommt man am Einzelnen Menschen nicht vorbei.\u00a0Der stellt sich zur Welt irgendwie. Doch warum grad so und nicht anders? Eigentlich eine Frage, die man auch der Psychologie stellen k\u00f6nnte. Doch f\u00fcndig wird man dort nicht. Hat diese Wissenschaft in ihren verschiedenen Schulen \u00fcberhaupt ihren Gegenstand erfasst? Dabei ist er doch einfach zu finden, das Subjekt, oder?<\/p>\n<p>Referent: <span style=\"color: #000000;\"><b>Jobst<\/b> vom <strong>Wortmagazin Salatschatten<\/strong> (<a title=\"Hyperlink zur Webseite der Radiosendung Salatschatten\" href=\"https:\/\/freiesradiopotsdam.wordpress.com\/sendungen\/salatschatten\/\" target=\"_blank\" rel=\"noopener noreferrer\"><strong>Freies Radio Potsdam<\/strong><\/a>\u00a0und\u00a0<strong><a title=\"Hyperlink zur Webseite der Leseb\u00fchne\" href=\"http:\/\/texte-im-untergrund.de\" target=\"_blank\" rel=\"noopener noreferrer\">Leseb\u00fchne Texte im Untergrund<\/a><\/strong>)<\/span><\/p>\n<p><strong>02.04.2015<\/strong> &#8211; Nachtr\u00e4gliche Link- und Lesehinweise von Jobst:<\/p>\n<p><strong>Psychologiekritik<\/strong><\/p>\n<ul>\n<li><a title=\"Hyperlink zur Webseite Wissenschaftskritik - Psychologie\" href=\"http:\/\/www.wissenschaftskritik.de\/fach\/psychologie\/\" target=\"_blank\" rel=\"noopener noreferrer\">http:\/\/www.wissenschaftskritik.de\/fach\/psychologie\/<\/a>\u00a0 (<a title=\"Hyperlink zur Webseite Wissenschaftskritik - Psychologie\" href=\"http:\/\/www.wissenschaftskritik.de\/argumente-gegen-die-psychologie\/\" target=\"_blank\" rel=\"noopener noreferrer\">Gegenstandpunkt MG<\/a>)<\/li>\n<li><a title=\"Hyperlink zur Webseite von Udo Leuschner - Kritik zu S. Freud\" href=\"http:\/\/www.udo-leuschner.de\/psychologie\/freud.htm\" target=\"_blank\" rel=\"noopener noreferrer\">http:\/\/www.udo-leuschner.de\/psychologie\/freud.htm<\/a><\/li>\n<\/ul>\n","protected":false},"excerpt":{"rendered":"<p>Wir laden Euch recht herzlich zu unserer Potsdamer Runde\u00a0am MITTWOCH den 1. April 2015, ab\u00a020:00\u00a0Uhr ein. Die Potsdamer Runde findet dieses Mal abweichend vom \u00fcblichen Ort im Potsdamer Freiland in der Friedrich-Engels-Str. 22 im Caf\u00e9 des Haus 2, unweit des &hellip; <a href=\"https:\/\/www.brandenburger-freidenker.de\/cms\/?p=1454\">Weiterlesen <span class=\"meta-nav\">&rarr;<\/span><\/a><\/p>\n","protected":false},"author":5,"featured_media":0,"comment_status":"closed","ping_status":"closed","sticky":false,"template":"","format":"standard","meta":{"footnotes":""},"categories":[385,23,14,8],"tags":[77,284,78,157],"class_list":["post-1454","post","type-post","status-publish","format-standard","hentry","category-dfv-brandenburg","category-kultur","category-potsdam","category-termine","tag-freidenker","tag-potsdam","tag-potsdamer-runde","tag-psychologie"],"_links":{"self":[{"href":"https:\/\/www.brandenburger-freidenker.de\/cms\/index.php?rest_route=\/wp\/v2\/posts\/1454","targetHints":{"allow":["GET"]}}],"collection":[{"href":"https:\/\/www.brandenburger-freidenker.de\/cms\/index.php?rest_route=\/wp\/v2\/posts"}],"about":[{"href":"https:\/\/www.brandenburger-freidenker.de\/cms\/index.php?rest_route=\/wp\/v2\/types\/post"}],"author":[{"embeddable":true,"href":"https:\/\/www.brandenburger-freidenker.de\/cms\/index.php?rest_route=\/wp\/v2\/users\/5"}],"replies":[{"embeddable":true,"href":"https:\/\/www.brandenburger-freidenker.de\/cms\/index.php?rest_route=%2Fwp%2Fv2%2Fcomments&post=1454"}],"version-history":[{"count":1,"href":"https:\/\/www.brandenburger-freidenker.de\/cms\/index.php?rest_route=\/wp\/v2\/posts\/1454\/revisions"}],"predecessor-version":[{"id":2267,"href":"https:\/\/www.brandenburger-freidenker.de\/cms\/index.php?rest_route=\/wp\/v2\/posts\/1454\/revisions\/2267"}],"wp:attachment":[{"href":"https:\/\/www.brandenburger-freidenker.de\/cms\/index.php?rest_route=%2Fwp%2Fv2%2Fmedia&parent=1454"}],"wp:term":[{"taxonomy":"category","embeddable":true,"href":"https:\/\/www.brandenburger-freidenker.de\/cms\/index.php?rest_route=%2Fwp%2Fv2%2Fcategories&post=1454"},{"taxonomy":"post_tag","embeddable":true,"href":"https:\/\/www.brandenburger-freidenker.de\/cms\/index.php?rest_route=%2Fwp%2Fv2%2Ftags&post=1454"}],"curies":[{"name":"wp","href":"https:\/\/api.w.org\/{rel}","templated":true}]}}