{"id":1313,"date":"2014-08-25T20:00:40","date_gmt":"2014-08-25T18:00:40","guid":{"rendered":"http:\/\/www.brandenburger-freidenker.de\/cms\/?p=1313"},"modified":"2014-08-29T10:12:18","modified_gmt":"2014-08-29T08:12:18","slug":"konferenz-6-9-2014-der-westen-und-russland","status":"publish","type":"post","link":"https:\/\/www.brandenburger-freidenker.de\/cms\/?p=1313","title":{"rendered":"[Konferenz] 6.9.2014 &#8211; Der &#8222;Westen&#8220; und Russland"},"content":{"rendered":"<div id=\"attachment_1229\" style=\"width: 405px\" class=\"wp-caption aligncenter\"><a href=\"http:\/\/www.freidenker.org\/cms\/dfv\/index.php?option=com_content&amp;view=article&amp;id=439:konferenz-1914-2014-der-westen-und-russland&amp;catid=100:zentrale-veranstaltungen&amp;Itemid=108\"><img loading=\"lazy\" decoding=\"async\" aria-describedby=\"caption-attachment-1229\" class=\"size-full wp-image-1229\" src=\"https:\/\/www.brandenburger-freidenker.de\/cms\/wp-content\/uploads\/2014\/08\/konferenz_der_westen_und_russland_06092014.jpg\" alt=\"Konferenz: Der &quot;Westen&quot; und Russland\" width=\"395\" height=\"553\" srcset=\"https:\/\/www.brandenburger-freidenker.de\/cms\/wp-content\/uploads\/2014\/08\/konferenz_der_westen_und_russland_06092014.jpg 395w, https:\/\/www.brandenburger-freidenker.de\/cms\/wp-content\/uploads\/2014\/08\/konferenz_der_westen_und_russland_06092014-214x300.jpg 214w, https:\/\/www.brandenburger-freidenker.de\/cms\/wp-content\/uploads\/2014\/08\/konferenz_der_westen_und_russland_06092014-107x150.jpg 107w\" sizes=\"auto, (max-width: 395px) 100vw, 395px\" \/><\/a><\/p>\n<p id=\"caption-attachment-1229\" class=\"wp-caption-text\">Konferenz: Der &#8222;Westen&#8220; und Russland<\/p>\n<\/div>\n<p style=\"text-align: center;\"><strong>Wissenschaftliche Konferenz<\/strong><\/p>\n<p style=\"text-align: center;\"><span style=\"font-size: 14pt;\"><strong>1914 \/ 2014<\/strong><\/span><\/p>\n<p style=\"text-align: center;\"><span style=\"font-size: 14pt;\"><strong>Der &#8222;Westen&#8220; und Russland<\/strong><\/span><\/p>\n<p style=\"text-align: center;\"><strong>Internationale Lage und geopolitische Spannungen &#8211; \u00a0vor Beginn des 1. Weltkrieges bis heute<\/strong><\/p>\n<p style=\"text-align: center;\"><strong>6. September 2014, 10:30 Uhr<\/strong><\/p>\n<p style=\"text-align: center;\">Rathaus Berlin Pankow, Ratssaal<\/p>\n<p style=\"text-align: center;\">Breitestr. 24a &#8211; 26, 13187 Berlin<!--more--><\/p>\n<p style=\"text-align: center;\">~<\/p>\n<p style=\"text-align: center;\"><strong>In Zusammenarbeit mit<\/strong><\/p>\n<p style=\"text-align: center;\">Tageszeitung junge Welt<\/p>\n<p style=\"text-align: center;\">Verlag 8. Mai GmbH<\/p>\n<p style=\"text-align: center;\">Ostdeutsches Kuratrorium von Verb\u00e4nden (OKV) e.V.<\/p>\n<p style=\"text-align: center;\">Gesellschaft zum Schutz von B\u00fcrgerrecht und Menschenw\u00fcrde (GBM) e.V.<\/p>\n<p style=\"text-align: center;\">Gesellschaft zur rechtlichen und humanit\u00e4ren Unterst\u00fctzung (GRH) e.V.<\/p>\n<p style=\"text-align: center;\">Arbeiterfotografie &#8211; Forum f\u00fcr Engagierte Fotografie<\/p>\n<p style=\"text-align: center;\">B\u00fcndnis f\u00fcr soziale Gerechtigkeit und Menschenw\u00fcrde (B\u00fcSGM) e.V.<\/p>\n<p style=\"text-align: center;\">~<\/p>\n<p style=\"text-align: center;\"><strong>Vortr\u00e4ge und Diskussion<\/strong><\/p>\n<p style=\"text-align: center;\"><strong>Entstehung und Urheber der Konflikte in der Ukraine<\/strong><br \/>\nWilfried Handwerk, Berlin<\/p>\n<p style=\"text-align: center;\"><strong>NATO und EU: \u00d6stliche Partnerschaft oder Ostexpansion?<\/strong><br \/>\nProf. Dr. Anton Latzo, Potsdam<\/p>\n<p style=\"text-align: center;\"><strong>Wird die NATO einen Krieg gegen Russland wagen?<\/strong><br \/>\nKarl-Heinz Wendt, Berlin<\/p>\n<p style=\"text-align: center;\"><strong>Russlandfeldzug \u2013 imperialistische Kontinuit\u00e4ten<\/strong><br \/>\nDr. Hans-G\u00fcnter Szalkiewicz, Berlin<\/p>\n<p style=\"text-align: center;\"><strong>Feindbild-Produktion: Russland und Putin in den westlichen Medien<\/strong><br \/>\nDr. Sabine Schiffer, Berlin<\/p>\n<p style=\"text-align: center;\"><strong>Russland \u2013 \u201eimperialistisches Land\u201c oder Widerpart des Imperialismus?<\/strong><br \/>\nKlaus Hartmann, Offenbach am Main<\/p>\n<p style=\"text-align: center;\">~<\/p>\n<p style=\"text-align: center;\">Teilnahmegeb\u00fchr: 9,00 \u20ac<br \/>\nmit Erm\u00e4\u00dfigung: 7,00 \u20ac<br \/>\nIn der Mittagspause ist ein kleiner Imbiss m\u00f6glich.<br \/>\nDie Kosten sind in den Teilnehmergeb\u00fchren enthalten.<\/p>\n<p style=\"text-align: center;\">~<\/p>\n<p style=\"text-align: center;\"><strong>Weitere Informationen<\/strong><\/p>\n<p style=\"text-align: center;\"><a title=\"Konferenzeinladung - Seite 1\" href=\"http:\/\/www.freidenker.org\/cms\/dfv\/images\/stories\/PDF\/freidenker_berlin_2014_seite1.pdf\" target=\"_blank\">Konferenzeinladung &#8211; Seite 1<\/a> (PDF-Dokument, ca. 255 KB)<\/p>\n<p style=\"text-align: center;\"><a title=\"Konferenzeinladung - Seite 2\" href=\"http:\/\/www.freidenker.org\/cms\/dfv\/images\/stories\/PDF\/freidenker_berlin_2014_seite2.pdf\" target=\"_blank\">Konferenzeinladung &#8211; Seite 2<\/a> (PDF-Dokument, ca. 120 KB)<\/p>\n<p style=\"text-align: center;\">~<\/p>\n<p style=\"text-align: center;\">Nachfragen bitte an Eberhard Schinck \u00fcber <a href=\"mailto:e.schinck@freidenker.org\">e.schinck@freidenker.org<\/a>\u00a0richten.<\/p>\n","protected":false},"excerpt":{"rendered":"<p>Wissenschaftliche Konferenz 1914 \/ 2014 Der &#8222;Westen&#8220; und Russland Internationale Lage und geopolitische Spannungen &#8211; \u00a0vor Beginn des 1. Weltkrieges bis heute 6. September 2014, 10:30 Uhr Rathaus Berlin Pankow, Ratssaal Breitestr. 24a &#8211; 26, 13187 Berlin<\/p>\n","protected":false},"author":5,"featured_media":0,"comment_status":"closed","ping_status":"closed","sticky":false,"template":"","format":"standard","meta":{"footnotes":""},"categories":[17,10,37,68,67,48,69,8,70],"tags":[286,73,309,76,72,75,301,310,311,74],"class_list":["post-1313","post","type-post","status-publish","format-standard","hentry","category-berlin","category-dfv","category-dfv-berlin","category-freidenkerkonferenz","category-konferenzen","category-politik","category-russland","category-termine","category-ukraine","tag-berlin","tag-deutscher-freidenker-verband","tag-freidenkerkonferenz","tag-frieden","tag-konferenz","tag-krieg","tag-politik","tag-russland","tag-ukraine","tag-westen"],"_links":{"self":[{"href":"https:\/\/www.brandenburger-freidenker.de\/cms\/index.php?rest_route=\/wp\/v2\/posts\/1313","targetHints":{"allow":["GET"]}}],"collection":[{"href":"https:\/\/www.brandenburger-freidenker.de\/cms\/index.php?rest_route=\/wp\/v2\/posts"}],"about":[{"href":"https:\/\/www.brandenburger-freidenker.de\/cms\/index.php?rest_route=\/wp\/v2\/types\/post"}],"author":[{"embeddable":true,"href":"https:\/\/www.brandenburger-freidenker.de\/cms\/index.php?rest_route=\/wp\/v2\/users\/5"}],"replies":[{"embeddable":true,"href":"https:\/\/www.brandenburger-freidenker.de\/cms\/index.php?rest_route=%2Fwp%2Fv2%2Fcomments&post=1313"}],"version-history":[{"count":0,"href":"https:\/\/www.brandenburger-freidenker.de\/cms\/index.php?rest_route=\/wp\/v2\/posts\/1313\/revisions"}],"wp:attachment":[{"href":"https:\/\/www.brandenburger-freidenker.de\/cms\/index.php?rest_route=%2Fwp%2Fv2%2Fmedia&parent=1313"}],"wp:term":[{"taxonomy":"category","embeddable":true,"href":"https:\/\/www.brandenburger-freidenker.de\/cms\/index.php?rest_route=%2Fwp%2Fv2%2Fcategories&post=1313"},{"taxonomy":"post_tag","embeddable":true,"href":"https:\/\/www.brandenburger-freidenker.de\/cms\/index.php?rest_route=%2Fwp%2Fv2%2Ftags&post=1313"}],"curies":[{"name":"wp","href":"https:\/\/api.w.org\/{rel}","templated":true}]}}