{"id":1286,"date":"2014-08-13T18:30:56","date_gmt":"2014-08-13T16:30:56","guid":{"rendered":"http:\/\/www.brandenburger-freidenker.de\/cms\/?p=1286"},"modified":"2019-03-29T07:57:06","modified_gmt":"2019-03-29T06:57:06","slug":"23-8-2014-sommerfest-der-linken-in-potsdam-wir-sind-dabei","status":"publish","type":"post","link":"https:\/\/www.brandenburger-freidenker.de\/cms\/?p=1286","title":{"rendered":"23.8.2014 \u2013 Sommerfest der Linken in Potsdam \u2013 Wir sind dabei."},"content":{"rendered":"<p>Wir Brandenburger Freidenkerinnen und Freidenker sind, wie in den Jahren zuvor, auf dem <strong>25. Sommerfest der Linken in Potsdam<\/strong> mit einem Infostand vertreten. Ihr habt also die besten M\u00f6glichkeiten mit uns pers\u00f6nlich Kontakt aufzunehmen. Inhaltlich ist das diesj\u00e4hrige Sommerfest ganz dem Wahlkampfauftakt f\u00fcr die Brandenburger Landtagswahl am 14.9.2014 verschrieben. Neben viel linker Politik wird es viele Aktionen (Kinder- und Familienfest, Konzerte, Tombola, Gespr\u00e4che und vieles mehr &#8230;) f\u00fcr gro\u00dfe und kleine Menschen geben und abends ab ca. 18 Uhr treten verschiedene Musikbands auf.<\/p>\n<p>Los geht es am<strong> 23.8.2014<\/strong>, <strong>ab ca. 14 Uhr<\/strong> im<strong> Potsdamer Lustgarten<\/strong> neben dem Hotel Mercure.<\/p>\n","protected":false},"excerpt":{"rendered":"<p>Wir Brandenburger Freidenkerinnen und Freidenker sind, wie in den Jahren zuvor, auf dem 25. Sommerfest der Linken in Potsdam mit einem Infostand vertreten. Ihr habt also die besten M\u00f6glichkeiten mit uns pers\u00f6nlich Kontakt aufzunehmen. Inhaltlich ist das diesj\u00e4hrige Sommerfest ganz &hellip; <a href=\"https:\/\/www.brandenburger-freidenker.de\/cms\/?p=1286\">Weiterlesen <span class=\"meta-nav\">&rarr;<\/span><\/a><\/p>\n","protected":false},"author":5,"featured_media":0,"comment_status":"closed","ping_status":"closed","sticky":false,"template":"","format":"standard","meta":{"footnotes":""},"categories":[385,48,14,8],"tags":[282,299,95,96,77,97,98,289,87,288,284,94,99],"class_list":["post-1286","post","type-post","status-publish","format-standard","hentry","category-dfv-brandenburg","category-politik","category-potsdam","category-termine","tag-bfv","tag-brandenburg","tag-die-linke","tag-familie","tag-freidenker","tag-kinder","tag-konzert","tag-kultur","tag-landtagswahl","tag-musik","tag-potsdam","tag-sommerfest","tag-wahlkampf"],"_links":{"self":[{"href":"https:\/\/www.brandenburger-freidenker.de\/cms\/index.php?rest_route=\/wp\/v2\/posts\/1286","targetHints":{"allow":["GET"]}}],"collection":[{"href":"https:\/\/www.brandenburger-freidenker.de\/cms\/index.php?rest_route=\/wp\/v2\/posts"}],"about":[{"href":"https:\/\/www.brandenburger-freidenker.de\/cms\/index.php?rest_route=\/wp\/v2\/types\/post"}],"author":[{"embeddable":true,"href":"https:\/\/www.brandenburger-freidenker.de\/cms\/index.php?rest_route=\/wp\/v2\/users\/5"}],"replies":[{"embeddable":true,"href":"https:\/\/www.brandenburger-freidenker.de\/cms\/index.php?rest_route=%2Fwp%2Fv2%2Fcomments&post=1286"}],"version-history":[{"count":1,"href":"https:\/\/www.brandenburger-freidenker.de\/cms\/index.php?rest_route=\/wp\/v2\/posts\/1286\/revisions"}],"predecessor-version":[{"id":2274,"href":"https:\/\/www.brandenburger-freidenker.de\/cms\/index.php?rest_route=\/wp\/v2\/posts\/1286\/revisions\/2274"}],"wp:attachment":[{"href":"https:\/\/www.brandenburger-freidenker.de\/cms\/index.php?rest_route=%2Fwp%2Fv2%2Fmedia&parent=1286"}],"wp:term":[{"taxonomy":"category","embeddable":true,"href":"https:\/\/www.brandenburger-freidenker.de\/cms\/index.php?rest_route=%2Fwp%2Fv2%2Fcategories&post=1286"},{"taxonomy":"post_tag","embeddable":true,"href":"https:\/\/www.brandenburger-freidenker.de\/cms\/index.php?rest_route=%2Fwp%2Fv2%2Ftags&post=1286"}],"curies":[{"name":"wp","href":"https:\/\/api.w.org\/{rel}","templated":true}]}}