{"id":1276,"date":"2014-08-13T19:15:54","date_gmt":"2014-08-13T17:15:54","guid":{"rendered":"http:\/\/www.brandenburger-freidenker.de\/cms\/?p=1276"},"modified":"2014-08-13T22:49:49","modified_gmt":"2014-08-13T20:49:49","slug":"konferenz-29-8-2014-das-jahr-1914-und-die-frage-von-krieg-und-frieden-im-20-jahrhundert","status":"publish","type":"post","link":"https:\/\/www.brandenburger-freidenker.de\/cms\/?p=1276","title":{"rendered":"[Konferenz] 29.8.2014 &#8211; Das Jahr 1914 und die Frage von Krieg und Frieden im 20. Jahrhundert"},"content":{"rendered":"<p>Die <strong>Friedenskoordination Potsdam<\/strong> l\u00e4dt zu einer Veranstaltung der <strong>Rosa-Luxemburg-Stiftung Brandenburg<\/strong> am <strong>29. August 2014<\/strong> in Potsdam ein.<\/p>\n<h2>Das Jahr 1914 und die Frage von Krieg und Frieden im 20. Jahrhundert<\/h2>\n<h3>18. Potsdamer Kolloquium zur Au\u00dfen- und Sicherheitspolitik<\/h3>\n<p>Der Kriegsausbruch von 1914 markierte eine Z\u00e4sur der neueren Geschichte. Er f\u00fchrte zum Zerfall des \u00bbalten Europa\u00ab. Dem folgte die Herausbildung einer neuen, deutlich instabileren Szenerie. Die politischen Mentalit\u00e4ten und Aktionskulturen wurden st\u00e4rker als bisher von Radikalit\u00e4t, Gewaltbereitschaft und Nationalismen bestimmt. Das \u00bbkurze\u00ab 20. Jahrhundert sollte ein \u00bbZeitalter der Extreme\u00ab (Eric Hobsbawm) werden.<\/p>\n<p>2014 j\u00e4hrt sich der Ausbruch des 1. Weltkrieges zum 100. Mal. Zugleich erinnern wir uns des 75. Jahrestages des deutschen \u00dcberfalls auf Polen und damit des Beginns des 2. Weltkrieges. Diese beiden Jahrestage sind uns Anlass, \u00fcber die zentrale Frage internationaler Politik, der Frage von Krieg und Frieden, aus einer linken Perspektive zu diskutieren. Das Kolloquium stellt den Zusammenhang von 1914 sowohl mit dem 2. Weltkrieg als auch mit den Auseinandersetzungen um Krieg und Frieden hierzulande und heutzutage her. Dazu werden wir mit Experten aus Deutschland und anderen europ\u00e4ischen L\u00e4ndern diskutieren.<!--more--><\/p>\n<h3>Tagung \/ Konferenz<\/h3>\n<p><strong>Freitag, 29.08.2014 | 10:00 Uhr bis 18:30 Uhr<\/strong><\/p>\n<p>Mit Prof. Dr. J\u00fcrgen Angelow (Potsdam), Dr. Erhard Crome (Berlin), Dr. Joanna Gwiazdecka (Warschau), Anke Hoffstadt (D\u00fcsseldorf), Luc Jochimsen (Hamburg), Dr. Boris Kanzleiter (Belgrad), Prof. Dr. Raimund Kr\u00e4mer (Potsdam), Dr. Helmuth Markov (stellv. Ministerpr\u00e4sident des Landes Brandenburg), Dr. Detlef Nakath Potsdam), Dr. Salvador Oberhaus (Wuppertal), Prof. Dr. Kurt P\u00e4tzold (Berlin), Dr. Volkmar Sch\u00f6neburg (Potsdam), Bella Schwarzman-Czarnota (Warschau), Prof. Dr. Charles Silvestre (Paris), Dr. Peter Strutynski (Kassel)<\/p>\n<p>Wo?<br \/>\nPotsdam Museum &#8211; Forum f\u00fcr Kunst und Geschichte, Potsdam<br \/>\nAm Alten Markt 9<br \/>\n14467 Potsdam<\/p>\n<p>F\u00fcr weitere Informationen bitte die <strong><a title=\"Hyperlink zur Webseite der RLS Brandenburg\" href=\"http:\/\/www.brandenburg.rosalux.de\/event\/50911\/das-jahr-1914-und-die-frage-von-krieg-und-frieden-im-20-jahrhundert.html\" target=\"_blank\">Veranstaltungswebseite<\/a><\/strong> der RLS Brandenburg aufrufen oder den <a href=\"https:\/\/www.brandenburger-freidenker.de\/cms\/wp-content\/uploads\/2014\/08\/Einladung-Kolloquium.pdf\" target=\"_blank\">Einladungsflyer<\/a> [PDF, ca. 1 MB] herunterladen.<\/p>\n","protected":false},"excerpt":{"rendered":"<p>Die Friedenskoordination Potsdam l\u00e4dt zu einer Veranstaltung der Rosa-Luxemburg-Stiftung Brandenburg am 29. August 2014 in Potsdam ein. Das Jahr 1914 und die Frage von Krieg und Frieden im 20. Jahrhundert 18. Potsdamer Kolloquium zur Au\u00dfen- und Sicherheitspolitik Der Kriegsausbruch von &hellip; <a href=\"https:\/\/www.brandenburger-freidenker.de\/cms\/?p=1276\">Weiterlesen <span class=\"meta-nav\">&rarr;<\/span><\/a><\/p>\n","protected":false},"author":5,"featured_media":0,"comment_status":"closed","ping_status":"closed","sticky":false,"template":"","format":"standard","meta":{"footnotes":""},"categories":[30,57,25,14,8,15],"tags":[92,299,76,293,306,290,72,91,285],"class_list":["post-1276","post","type-post","status-publish","format-standard","hentry","category-friedensaktion","category-friedensbewegung","category-friko-potsdam","category-potsdam","category-termine","category-weltfriedenstag","tag-1-weltkrieg","tag-brandenburg","tag-frieden","tag-friedensaktion","tag-friedensbewegung","tag-friko-potsdam","tag-konferenz","tag-rosa-luxemburg-stiftung","tag-weltfriedenstag"],"_links":{"self":[{"href":"https:\/\/www.brandenburger-freidenker.de\/cms\/index.php?rest_route=\/wp\/v2\/posts\/1276","targetHints":{"allow":["GET"]}}],"collection":[{"href":"https:\/\/www.brandenburger-freidenker.de\/cms\/index.php?rest_route=\/wp\/v2\/posts"}],"about":[{"href":"https:\/\/www.brandenburger-freidenker.de\/cms\/index.php?rest_route=\/wp\/v2\/types\/post"}],"author":[{"embeddable":true,"href":"https:\/\/www.brandenburger-freidenker.de\/cms\/index.php?rest_route=\/wp\/v2\/users\/5"}],"replies":[{"embeddable":true,"href":"https:\/\/www.brandenburger-freidenker.de\/cms\/index.php?rest_route=%2Fwp%2Fv2%2Fcomments&post=1276"}],"version-history":[{"count":0,"href":"https:\/\/www.brandenburger-freidenker.de\/cms\/index.php?rest_route=\/wp\/v2\/posts\/1276\/revisions"}],"wp:attachment":[{"href":"https:\/\/www.brandenburger-freidenker.de\/cms\/index.php?rest_route=%2Fwp%2Fv2%2Fmedia&parent=1276"}],"wp:term":[{"taxonomy":"category","embeddable":true,"href":"https:\/\/www.brandenburger-freidenker.de\/cms\/index.php?rest_route=%2Fwp%2Fv2%2Fcategories&post=1276"},{"taxonomy":"post_tag","embeddable":true,"href":"https:\/\/www.brandenburger-freidenker.de\/cms\/index.php?rest_route=%2Fwp%2Fv2%2Ftags&post=1276"}],"curies":[{"name":"wp","href":"https:\/\/api.w.org\/{rel}","templated":true}]}}