{"id":1193,"date":"2014-05-29T11:00:16","date_gmt":"2014-05-29T09:00:16","guid":{"rendered":"http:\/\/www.brandenburger-freidenker.de\/cms\/?p=1193"},"modified":"2014-08-29T10:11:46","modified_gmt":"2014-08-29T08:11:46","slug":"friko-potsdam-pressemitteilung-wie-abhaengig-ist-unabhaengig-eine-betrachtung-zur-krise-in-der-ukraine","status":"publish","type":"post","link":"https:\/\/www.brandenburger-freidenker.de\/cms\/?p=1193","title":{"rendered":"[Friko Potsdam] Pressemitteilung: Wie abh\u00e4ngig ist unabh\u00e4ngig? \u2013 Eine Betrachtung zur Krise in der Ukraine"},"content":{"rendered":"<p>Mit Besorgnis sieht die Friedenskoordination Potsdam die j\u00fcngsten Entwicklungen in der Ukraine.<br \/>\nHistorisch ein Vielv\u00f6lkerstaat mit verschiedenen Ethnien und Religionen, war und ist\u00a0die Ukraine aufgrund ihrer Lage am Schwarzen Meer, ihres fruchtbaren Landes und ihrer Bodensch\u00e4tze immer wieder als Pufferzone \u00f6stlichen wie westlichen Interessen und Expansionsbestrebungen ausgesetzt. Fremdbestimmung, Vertreibungen und\u00a0Zwangsumsiedlungen pr\u00e4gten das Schicksal der ukrainischen Bev\u00f6lkerung. So unterst\u00fctzte diese mal die eine, mal die andere Seite. Im Zweiten Weltkrieg kam es in der Ukraine dadurch auch zur Unterst\u00fctzung der deutschen Okkupanten, die bis heute in Form von neofaschistischen Gruppierungen in diesem Land sp\u00fcrbar ist. Diese Kr\u00e4fte \u00fcben auch jetzt dort sehr gro\u00dfen Einfluss aus und provozieren damit die russischen Separatisten.<br \/>\nViele, die die Ukraine und die Menschen dort kennen, berichten, dass die gro\u00dfe Mehrheit der Ukrainer in Frieden miteinander leben will.<\/p>\n<p><strong>Bitte hier weiterlesen<\/strong> auf der Webseite der <a title=\"Weiterlesen auf der Webseite der Friko Potsdam\" href=\"http:\/\/frikopotsdam.wordpress.com\/2014\/05\/29\/pressemitteilung-wie-abhangig-ist-unabhangig-eine-betrachtung-zur-krise-in-der-ukraine\/\" target=\"_blank\">Friedenskoordination Potsdam<\/a> &#8230;<\/p>\n<p>Hier kann der Beitrag als\u00a0<a href=\"http:\/\/frikopotsdam.files.wordpress.com\/2014\/06\/friko-pressemitteilung-zur-krise-in-der-ukraine-28-05-2014.pdf\">PDF-Dokument<\/a>\u00a0(ca. 37 KB) herunter geladen werden.<\/p>\n","protected":false},"excerpt":{"rendered":"<p>Mit Besorgnis sieht die Friedenskoordination Potsdam die j\u00fcngsten Entwicklungen in der Ukraine. Historisch ein Vielv\u00f6lkerstaat mit verschiedenen Ethnien und Religionen, war und ist\u00a0die Ukraine aufgrund ihrer Lage am Schwarzen Meer, ihres fruchtbaren Landes und ihrer Bodensch\u00e4tze immer wieder als Pufferzone &hellip; <a href=\"https:\/\/www.brandenburger-freidenker.de\/cms\/?p=1193\">Weiterlesen <span class=\"meta-nav\">&rarr;<\/span><\/a><\/p>\n","protected":false},"author":5,"featured_media":0,"comment_status":"closed","ping_status":"closed","sticky":false,"template":"","format":"standard","meta":{"footnotes":""},"categories":[30,57,25,14,70],"tags":[293,306,290,311],"class_list":["post-1193","post","type-post","status-publish","format-standard","hentry","category-friedensaktion","category-friedensbewegung","category-friko-potsdam","category-potsdam","category-ukraine","tag-friedensaktion","tag-friedensbewegung","tag-friko-potsdam","tag-ukraine"],"_links":{"self":[{"href":"https:\/\/www.brandenburger-freidenker.de\/cms\/index.php?rest_route=\/wp\/v2\/posts\/1193","targetHints":{"allow":["GET"]}}],"collection":[{"href":"https:\/\/www.brandenburger-freidenker.de\/cms\/index.php?rest_route=\/wp\/v2\/posts"}],"about":[{"href":"https:\/\/www.brandenburger-freidenker.de\/cms\/index.php?rest_route=\/wp\/v2\/types\/post"}],"author":[{"embeddable":true,"href":"https:\/\/www.brandenburger-freidenker.de\/cms\/index.php?rest_route=\/wp\/v2\/users\/5"}],"replies":[{"embeddable":true,"href":"https:\/\/www.brandenburger-freidenker.de\/cms\/index.php?rest_route=%2Fwp%2Fv2%2Fcomments&post=1193"}],"version-history":[{"count":0,"href":"https:\/\/www.brandenburger-freidenker.de\/cms\/index.php?rest_route=\/wp\/v2\/posts\/1193\/revisions"}],"wp:attachment":[{"href":"https:\/\/www.brandenburger-freidenker.de\/cms\/index.php?rest_route=%2Fwp%2Fv2%2Fmedia&parent=1193"}],"wp:term":[{"taxonomy":"category","embeddable":true,"href":"https:\/\/www.brandenburger-freidenker.de\/cms\/index.php?rest_route=%2Fwp%2Fv2%2Fcategories&post=1193"},{"taxonomy":"post_tag","embeddable":true,"href":"https:\/\/www.brandenburger-freidenker.de\/cms\/index.php?rest_route=%2Fwp%2Fv2%2Ftags&post=1193"}],"curies":[{"name":"wp","href":"https:\/\/api.w.org\/{rel}","templated":true}]}}