{"id":1176,"date":"2014-08-25T05:00:21","date_gmt":"2014-08-25T03:00:21","guid":{"rendered":"http:\/\/www.brandenburger-freidenker.de\/cms\/?p=1176"},"modified":"2014-08-13T22:20:20","modified_gmt":"2014-08-13T20:20:20","slug":"8-5-2014-dass-man-es-nie-vergisst-dass-leben-alles-ist","status":"publish","type":"post","link":"https:\/\/www.brandenburger-freidenker.de\/cms\/?p=1176","title":{"rendered":"[RLS Berlin] 1.9.2014 &#8211; Dass man es nie vergisst, dass Leben alles ist"},"content":{"rendered":"<p><strong>Liebe Friedensfreundinnen und Friedensfreunde, <\/strong><\/p>\n<p>am <strong>1. September , 19:00 Uhr<\/strong>\u00a0spielen wir\u00a0im Salon Nr. 135 435 der Rosa-Luxemburg-Stiftung im ND-Geb\u00e4ude Franz-Mehring-Platz,10243 Berlin unser Programm:<\/p>\n<h2 style=\"text-align: center;\">Dass man es nie vergisst, dass Leben alles ist<\/h2>\n<p style=\"text-align: center;\"><strong>(Friedenslieder, Lebenslieder, Liebeslieder)<\/strong><\/p>\n<p>Anl\u00e4sslich\u00a0des Beginns des 1. Weltkriegs vor 100 Jahren und des\u00a0Beginns des 2. Weltkrieges vor 75 Jahren soll unser literarisch-musikalisches Friedensprogramm unseren Protest gegen alle heute stattfindenden Kriege und unsere Warnung vor einem 3. Weltkrieg mit verheerenden Folgen f\u00fcr die gesamte Menschheit zum Ausdruck bringen.<!--more--><\/p>\n<p>Ausgehend von ganz pers\u00f6nlichen Erlebnissen der Eltern und Gro\u00dfeltern und dem Leid und der \u00dcberlebenskraft der M\u00fctter aller an Kriegen beteiligten V\u00f6lker haben wir deutsche und internationale Friedenslieder ,Lebens und Liebeslieder u.a. von\u00a0H. Eisler, J. Brel, H. v. Veen, H. Wader, R. Mey, M.Schmitz, K. Wecker, L. Bernstein,. F. Hollaender\u00a0mit Gedichten und Ausspr\u00fcchen bedeutender Autoren wie K. Tucholsky, B. Brecht, E. K\u00e4stner u.a.\u00a0verbunden.<\/p>\n<p>Weitere Informationen:\u00a0<a title=\"hyperlink zur Webseite von johanna Arndt\" href=\"http:\/\/www.johanna-arndt-chansonwerkstatt.de\/\" target=\"_blank\">http:\/\/www.johanna-arndt-chansonwerkstatt.de\/<\/a><\/p>\n","protected":false},"excerpt":{"rendered":"<p>Liebe Friedensfreundinnen und Friedensfreunde, am 1. September , 19:00 Uhr\u00a0spielen wir\u00a0im Salon Nr. 135 435 der Rosa-Luxemburg-Stiftung im ND-Geb\u00e4ude Franz-Mehring-Platz,10243 Berlin unser Programm: Dass man es nie vergisst, dass Leben alles ist (Friedenslieder, Lebenslieder, Liebeslieder) Anl\u00e4sslich\u00a0des Beginns des 1. Weltkriegs &hellip; <a href=\"https:\/\/www.brandenburger-freidenker.de\/cms\/?p=1176\">Weiterlesen <span class=\"meta-nav\">&rarr;<\/span><\/a><\/p>\n","protected":false},"author":5,"featured_media":0,"comment_status":"closed","ping_status":"closed","sticky":false,"template":"","format":"standard","meta":{"footnotes":""},"categories":[17,23,22,8],"tags":[286,88,76,89,289,288,90,285],"class_list":["post-1176","post","type-post","status-publish","format-standard","hentry","category-berlin","category-kultur","category-musik","category-termine","tag-berlin","tag-chansons","tag-frieden","tag-johanna-arndt","tag-kultur","tag-musik","tag-tobias-schneegans","tag-weltfriedenstag"],"_links":{"self":[{"href":"https:\/\/www.brandenburger-freidenker.de\/cms\/index.php?rest_route=\/wp\/v2\/posts\/1176","targetHints":{"allow":["GET"]}}],"collection":[{"href":"https:\/\/www.brandenburger-freidenker.de\/cms\/index.php?rest_route=\/wp\/v2\/posts"}],"about":[{"href":"https:\/\/www.brandenburger-freidenker.de\/cms\/index.php?rest_route=\/wp\/v2\/types\/post"}],"author":[{"embeddable":true,"href":"https:\/\/www.brandenburger-freidenker.de\/cms\/index.php?rest_route=\/wp\/v2\/users\/5"}],"replies":[{"embeddable":true,"href":"https:\/\/www.brandenburger-freidenker.de\/cms\/index.php?rest_route=%2Fwp%2Fv2%2Fcomments&post=1176"}],"version-history":[{"count":0,"href":"https:\/\/www.brandenburger-freidenker.de\/cms\/index.php?rest_route=\/wp\/v2\/posts\/1176\/revisions"}],"wp:attachment":[{"href":"https:\/\/www.brandenburger-freidenker.de\/cms\/index.php?rest_route=%2Fwp%2Fv2%2Fmedia&parent=1176"}],"wp:term":[{"taxonomy":"category","embeddable":true,"href":"https:\/\/www.brandenburger-freidenker.de\/cms\/index.php?rest_route=%2Fwp%2Fv2%2Fcategories&post=1176"},{"taxonomy":"post_tag","embeddable":true,"href":"https:\/\/www.brandenburger-freidenker.de\/cms\/index.php?rest_route=%2Fwp%2Fv2%2Ftags&post=1176"}],"curies":[{"name":"wp","href":"https:\/\/api.w.org\/{rel}","templated":true}]}}