{"id":1142,"date":"2014-04-09T15:00:37","date_gmt":"2014-04-09T13:00:37","guid":{"rendered":"http:\/\/www.brandenburger-freidenker.de\/cms\/?p=1142"},"modified":"2019-03-29T07:57:07","modified_gmt":"2019-03-29T06:57:07","slug":"1-5-2014-mailfeier-in-potsdam","status":"publish","type":"post","link":"https:\/\/www.brandenburger-freidenker.de\/cms\/?p=1142","title":{"rendered":"1.5.2014 &#8211; Mailfeier in Potsdam"},"content":{"rendered":"<p>Die Brandenburger FreidenkerInnen werden auch dieses Jahr wieder auf der Potsdamer Maifeier mit einem Infostand vertreten sein. <span style=\"text-decoration: underline;\">Ort:<\/span> Am Alten Markt, Platz vor dem neuen brandenburgischen Landtag (Stadtschlo\u00df), <span style=\"text-decoration: underline;\">Wann:<\/span> ab ca. 10 Uhr bis 14 Uhr. Weitere Informationen k\u00f6nnt Ihr dem <a title=\"Hyperlink zum DGB-Flugbaltt zum 1. Mai\" href=\"http:\/\/www.dielinke-potsdam.de\/fileadmin\/potsdam\/Termin\/1._Mai_2014_Potsdam.pdf\" target=\"_blank\" rel=\"noopener noreferrer\">DGB-Flugblatt<\/a> zum Maifeiertag (PDF-Dokument, ca. 2 MB) entnehmen.<\/p>\n<p>Der Maifeiertag steht dieses Jahr unter dem Motto des DGB:<\/p>\n<p style=\"text-align: center;\"><strong>1. MAI 2014: GUTE ARBEIT. SOZIALES EUROPA<\/strong><\/p>\n<p>Die Potsdamer Linke schreibt dazu auf Ihrer Webseite: &#8220; &#8230;\u00a0In Potsdam starten wir traditionell mit einem Demonstrationszug um 10.00 Uhr. Treffpunkt ist vor der Post am Platz der Einheit. Vom Platz der Einheit aus bewegt sich die Demo dann zur Gutenbergstra\u00dfe und \u00fcber die Friedrich-Ebert-Stra\u00dfe zum Altren Markt vor dem Neuen Landtag, wo in diesem Jahr das Mai-Fest statt findet.<\/p>\n<p>Angesichts der hohen Arbeitslosigkeit steht die Schaffung von Arbeitspl\u00e4tzen in Brandenburg an oberster Stelle. Im Unterschied zum neoliberalen Denkmuster geht es uns aber nicht um Arbeit zu jedem Preis. Ein Erwerbseinkommen muss ein menschenw\u00fcrdiges Leben oberhalb der Armutsgrenze erm\u00f6glichen. Aus diesem Grund brauchen wir einen gesetzlichen Mindestlohn. Arbeit ist und bleibt Quelle gesellschaftlichen Wohlstands. Die Integration in den Arbeitsmarkt ist f\u00fcr die Menschen Voraussetzung f\u00fcr Teilhabe, Selbstbestimmung und Anerkennung.\u00a0 \u201eGute Arbeit\u201c bedeutet Besch\u00e4ftigung in sozial abgesicherten und unbefristeten Arbeitsverh\u00e4ltnissen unter belastungsarmen und lernf\u00f6rdernden Arbeitsbedingungen mit einer gerechten Entlohnung.\u00a0<!--more--><\/p>\n<p>W\u00e4hrend der Anteil der in Normalarbeitsverh\u00e4ltnissen Besch\u00e4ftigten an der Arbeitnehmerschaft gesunken ist, hat sich die Zahl der Erwerbst\u00e4tigen in atypischen Besch\u00e4ftigungsverh\u00e4ltnissen erheblich erh\u00f6ht. Mehr als ein Drittel ist in Leiharbeit, Mini- und Midijobs, Teilzeit oder befristeten Arbeitsvertr\u00e4gen t\u00e4tig, meist unfreiwillig und nur zu einem Niedriglohn. Damit hat auch eine Verdr\u00e4ngung von Stammarbeitspl\u00e4tzen stattgefunden. \u00a0 Mit der sogenannten \u201eFlexibilisierung\u201c des Arbeitsmarktes hat sich die soziale Spaltung unserer Gesellschaft vertieft. Zunehmende Lohnspreizung und Einkommensungleichheit bef\u00f6rdern nicht soziale Gerechtigkeit, sondern f\u00fchren zu deutlichen Ungleichheiten in den Lebenslagen der Menschen. Deshalb brauchen wir eine neue Ordnung der Arbeit.&#8220;<\/p>\n<p>Quelle:\u00a0<a title=\"Hyperlink zur Webseite der Potsdamer LINKEn\" href=\"http:\/\/www.dielinke-potsdam.de\/politik\/aktuell\/\" target=\"_blank\" rel=\"noopener noreferrer\">http:\/\/www.dielinke-potsdam.de\/politik\/aktuell\/<\/a><\/p>\n","protected":false},"excerpt":{"rendered":"<p>Die Brandenburger FreidenkerInnen werden auch dieses Jahr wieder auf der Potsdamer Maifeier mit einem Infostand vertreten sein. Ort: Am Alten Markt, Platz vor dem neuen brandenburgischen Landtag (Stadtschlo\u00df), Wann: ab ca. 10 Uhr bis 14 Uhr. Weitere Informationen k\u00f6nnt Ihr &hellip; <a href=\"https:\/\/www.brandenburger-freidenker.de\/cms\/?p=1142\">Weiterlesen <span class=\"meta-nav\">&rarr;<\/span><\/a><\/p>\n","protected":false},"author":5,"featured_media":0,"comment_status":"closed","ping_status":"closed","sticky":false,"template":"","format":"standard","meta":{"footnotes":""},"categories":[385,14,8],"tags":[132,122,95,134,128,129,137,125,131,284,123,136,133,135],"class_list":["post-1142","post","type-post","status-publish","format-standard","hentry","category-dfv-brandenburg","category-potsdam","category-termine","tag-arbeit","tag-armut","tag-die-linke","tag-geld","tag-gesellschaft","tag-gesellschaftskritik","tag-hartz-iv","tag-kapitalismus","tag-maifeier","tag-potsdam","tag-reichtum","tag-rente","tag-sozial","tag-umverteilung"],"_links":{"self":[{"href":"https:\/\/www.brandenburger-freidenker.de\/cms\/index.php?rest_route=\/wp\/v2\/posts\/1142","targetHints":{"allow":["GET"]}}],"collection":[{"href":"https:\/\/www.brandenburger-freidenker.de\/cms\/index.php?rest_route=\/wp\/v2\/posts"}],"about":[{"href":"https:\/\/www.brandenburger-freidenker.de\/cms\/index.php?rest_route=\/wp\/v2\/types\/post"}],"author":[{"embeddable":true,"href":"https:\/\/www.brandenburger-freidenker.de\/cms\/index.php?rest_route=\/wp\/v2\/users\/5"}],"replies":[{"embeddable":true,"href":"https:\/\/www.brandenburger-freidenker.de\/cms\/index.php?rest_route=%2Fwp%2Fv2%2Fcomments&post=1142"}],"version-history":[{"count":1,"href":"https:\/\/www.brandenburger-freidenker.de\/cms\/index.php?rest_route=\/wp\/v2\/posts\/1142\/revisions"}],"predecessor-version":[{"id":2278,"href":"https:\/\/www.brandenburger-freidenker.de\/cms\/index.php?rest_route=\/wp\/v2\/posts\/1142\/revisions\/2278"}],"wp:attachment":[{"href":"https:\/\/www.brandenburger-freidenker.de\/cms\/index.php?rest_route=%2Fwp%2Fv2%2Fmedia&parent=1142"}],"wp:term":[{"taxonomy":"category","embeddable":true,"href":"https:\/\/www.brandenburger-freidenker.de\/cms\/index.php?rest_route=%2Fwp%2Fv2%2Fcategories&post=1142"},{"taxonomy":"post_tag","embeddable":true,"href":"https:\/\/www.brandenburger-freidenker.de\/cms\/index.php?rest_route=%2Fwp%2Fv2%2Ftags&post=1142"}],"curies":[{"name":"wp","href":"https:\/\/api.w.org\/{rel}","templated":true}]}}