{"id":1053,"date":"2014-02-03T23:13:09","date_gmt":"2014-02-03T21:13:09","guid":{"rendered":"http:\/\/www.brandenburger-freidenker.de\/cms\/?p=1053"},"modified":"2014-08-13T20:20:49","modified_gmt":"2014-08-13T18:20:49","slug":"zum-15-jahrestag-der-nato-aggression-nach-belgrad","status":"publish","type":"post","link":"https:\/\/www.brandenburger-freidenker.de\/cms\/?p=1053","title":{"rendered":"Zum 15. Jahrestag der NATO-Aggression nach Belgrad"},"content":{"rendered":"<h2><strong>Freidenker-Reise<\/strong><\/h2>\n<p><strong>Liebe Freundinnen und Freunde,<\/strong><\/p>\n<p>anl\u00e4\u00dflich des 15. Jahrestages des Beginns des NATO-\u00dcberfalls auf Jugoslawien am 24. M\u00e4rz 1999 findet in Belgrad am Wochenende des 22.\/23. M\u00e4rz 2014 eine Konferenz des Belgrad Forum um den ehemaligen Au\u00dfenminister Zivadin Jovanovic statt. Dort werden u.a. Klaus Hartmann und Cathrin Sch\u00fctz\u00a0sprechen.<\/p>\n<p>Der Deutsche Freidenker-Verband und Mitglieder des Internationalen Komitees &#8222;Slobodan Milosevic&#8220; bieten Interessierten auf vielfachen Wunsch\u00a0ein kleines\u00a0Rahmenprogramm in Belgrad an. Wer also Zeit und Interesse hat,\u00a0den Jahrestag dort zu begehen, kann sich der DFV-Gruppe anschlie\u00dfen.<\/p>\n<div>\n<ul>\n<li>An- und Abreise erfolgen individuell.<\/li>\n<li>Die Unterbringung und Verpflegung erfolgen ebenfalls individuell.<\/li>\n<\/ul>\n<\/div>\n<div>\n<p><strong>Das vorl\u00e4ufige Rahmenprogramm <\/strong>(\u00c4nderungen vorbehalten)<\/p>\n<\/div>\n<div>\n<p><strong>Freitag, 21. M\u00e4rz 2014 &#8211; Stadtf\u00fchrung; gemeinsames Abendessen<\/strong><\/p>\n<\/div>\n<div>\n<p><strong>Samstag, 22. M\u00e4rz 2014 &#8211; Konferenz Belgrade Forum for a World of Equals: &#8222;Global peace vs. global interventionism and imperialism&#8220; <\/strong><\/p>\n<\/div>\n<div>\n<p><strong>Sonntag, 23. M\u00e4rz 2014 &#8211; Fortsetzung Konferenz Belgrad Forum; gemeinsames Abendessen<\/strong><\/p>\n<\/div>\n<div>\n<p><strong>Montag, 24. M\u00e4rz 2014 &#8211; Kranzniederlegung zum Gedenken an die Opfer des NATO-Krieges;\u00a0gemeinsames Abendessen<\/strong><\/p>\n<\/div>\n<div>\n<p><strong>Dienstag, 25. M\u00e4rz 2014 &#8211; weitere Informationen folgen<\/strong><\/p>\n<\/div>\n<div>\n<p><strong>Weiterhin ist ein Treffen mit dem ehemaligen RTS-Chef Dragoljub Milanovic geplant <\/strong>(dies wird h\u00f6chst wahrscheinlich im Rahmen eines Abendessens am Montag, 24. M\u00e4rz 2014 stattfinden).<\/p>\n<\/div>\n<div>\n<p>F\u00fcr die Planung vor Ort w\u00fcnschen wir uns m\u00f6glichst fr\u00fchzeitig eine kurze Vorabinformation, mit wievielen Personen Ihr plant am Programm teilzunehmen.<\/p>\n<\/div>\n<div>\n<p>Kontakt: <strong>Cathrin Sch\u00fctz<\/strong>, <strong><a href=\"mailto:c.schuetz@freidenker.org?subject=[Freidenker-Reise%20Belgrad]\">c.schuetz@freidenker.org<\/a><\/strong> <strong><\/strong><\/p>\n<\/div>\n<div>\n<p><!--more--><\/p>\n<p><strong>HOTELEMPFEHLUNGEN<\/strong><\/p>\n<\/div>\n<p>Immer wieder unsere pers\u00f6nliche Nummer Eins: Das Hotel Royal, eines der \u00e4ltesten Belgrader Hotels, sehr zentral wenige Minuten von der Fu\u00dfg\u00e4ngerzone und dem Kalemegdan-Park gelegen. Es ist eher nostalgisch, legend\u00e4r als etwa modern und komfortabel, wobei in den letzten Jahren\u00a0Modernisierungsma\u00dfnahmen durchgef\u00fchrt wurden. Die Bar ist 24 Stunden ge\u00f6ffnet. Die Preise sind niedrig, es gibt neben Einzel- und Doppelzimmern auch Suiten und sehr g\u00fcnstige Betten in Hostelzimmern:<\/p>\n<p><a title=\"Hyperlink zu Hotel Royal\" href=\"http:\/\/www.hotelroyal.rs\/en\/rezervacija.html\" target=\"_blank\">http:\/\/www.hotelroyal.rs\/en\/rezervacija.html<\/a><\/p>\n<p>In der ber\u00fchmten Skardalija-Stra\u00dfe (<a title=\"Hyperlink zur Wikipedia\" href=\"http:\/\/en.wikipedia.org\/wiki\/Skadarlija\" target=\"_blank\">http:\/\/en.wikipedia.org\/wiki\/Skadarlija<\/a>), die ebenfalls im Zentrum liegt und ca. 10\u00a0Gehminuten vom Hotel Royal entfernt ist,\u00a0\u00a0liegt das Hotel Le Petit Piaf. Sch\u00f6ne Zimmer, erschwingliche Preise, nette Lage:<\/p>\n<p><a title=\"Hyperlink zu Hotel Petit Piaf\" href=\"http:\/\/www.petitpiaf.com\/de\/home\/\" target=\"_blank\">http:\/\/www.petitpiaf.com\/de\/home\/<\/a><\/p>\n<p>Nahe des Hauptbahnhofs in Belgrad liegt dieses Hotel (bietet auch 3-Bett-Zimmer an):<\/p>\n<p><a href=\"http:\/\/www.bgcityhotel.com\/room_rates-en.html\" target=\"_blank\">http:\/\/www.bgcityhotel.com\/room_rates-en.html<\/a><\/p>\n<p>Sehr viele weitere Hotels jeder Preis- und Leistungsklasse finden sich im Internet.<\/p>\n<p><strong>THEATER<\/strong><\/p>\n<p>Das Opern- und Ballettprogramm findet sich hier:<\/p>\n<p><a title=\"Hyperlink zum Theater- und Opernprogramm\" href=\"http:\/\/www.narodnopozoriste.rs\/index.php?id=642#panel-2\" target=\"_blank\">http:\/\/www.narodnopozoriste.rs\/index.php?id=642#panel-2<\/a><\/p>\n","protected":false},"excerpt":{"rendered":"<p>Freidenker-Reise Liebe Freundinnen und Freunde, anl\u00e4\u00dflich des 15. Jahrestages des Beginns des NATO-\u00dcberfalls auf Jugoslawien am 24. M\u00e4rz 1999 findet in Belgrad am Wochenende des 22.\/23. M\u00e4rz 2014 eine Konferenz des Belgrad Forum um den ehemaligen Au\u00dfenminister Zivadin Jovanovic statt. &hellip; <a href=\"https:\/\/www.brandenburger-freidenker.de\/cms\/?p=1053\">Weiterlesen <span class=\"meta-nav\">&rarr;<\/span><\/a><\/p>\n","protected":false},"author":5,"featured_media":0,"comment_status":"closed","ping_status":"closed","sticky":false,"template":"","format":"standard","meta":{"footnotes":""},"categories":[10,30,57,8],"tags":[293,306],"class_list":["post-1053","post","type-post","status-publish","format-standard","hentry","category-dfv","category-friedensaktion","category-friedensbewegung","category-termine","tag-friedensaktion","tag-friedensbewegung"],"_links":{"self":[{"href":"https:\/\/www.brandenburger-freidenker.de\/cms\/index.php?rest_route=\/wp\/v2\/posts\/1053","targetHints":{"allow":["GET"]}}],"collection":[{"href":"https:\/\/www.brandenburger-freidenker.de\/cms\/index.php?rest_route=\/wp\/v2\/posts"}],"about":[{"href":"https:\/\/www.brandenburger-freidenker.de\/cms\/index.php?rest_route=\/wp\/v2\/types\/post"}],"author":[{"embeddable":true,"href":"https:\/\/www.brandenburger-freidenker.de\/cms\/index.php?rest_route=\/wp\/v2\/users\/5"}],"replies":[{"embeddable":true,"href":"https:\/\/www.brandenburger-freidenker.de\/cms\/index.php?rest_route=%2Fwp%2Fv2%2Fcomments&post=1053"}],"version-history":[{"count":0,"href":"https:\/\/www.brandenburger-freidenker.de\/cms\/index.php?rest_route=\/wp\/v2\/posts\/1053\/revisions"}],"wp:attachment":[{"href":"https:\/\/www.brandenburger-freidenker.de\/cms\/index.php?rest_route=%2Fwp%2Fv2%2Fmedia&parent=1053"}],"wp:term":[{"taxonomy":"category","embeddable":true,"href":"https:\/\/www.brandenburger-freidenker.de\/cms\/index.php?rest_route=%2Fwp%2Fv2%2Fcategories&post=1053"},{"taxonomy":"post_tag","embeddable":true,"href":"https:\/\/www.brandenburger-freidenker.de\/cms\/index.php?rest_route=%2Fwp%2Fv2%2Ftags&post=1053"}],"curies":[{"name":"wp","href":"https:\/\/api.w.org\/{rel}","templated":true}]}}